{"id":66980,"date":"2024-04-04T08:30:00","date_gmt":"2024-04-04T14:30:00","guid":{"rendered":"http:\/\/www.zonaroja.com.mx\/?p=66980"},"modified":"2024-04-04T07:12:08","modified_gmt":"2024-04-04T13:12:08","slug":"segob-y-gobierno-de-oaxaca-atienden-problematicas-agrarias-algidas","status":"publish","type":"post","link":"https:\/\/zonaroja.com.mx\/?p=66980","title":{"rendered":"Segob y gobierno de Oaxaca atienden problem\u00e1ticas agrarias \u00e1lgidas"},"content":{"rendered":"\n<p>Redacci\u00f3n\/Zona Roja.<\/p>\n\n\n\n<p>Oaxaca de Ju\u00e1rez, Oax. 4 de abril de 2024.- Este mi\u00e9rcoles se instal\u00f3 en Oaxaca la Mesa de Atenci\u00f3n Agraria federal y estatal, en seguimiento a los acuerdos que se tuvieron en d\u00edas pasados con la secretaria de Gobernaci\u00f3n, Luisa Mar\u00eda Alcalde Luj\u00e1n.<\/p>\n\n\n\n<p>Al encuentro efectuado en el Palacio de Gobierno acudieron autoridades federales y estatales, as\u00ed como representantes municipales y agrarias de diversas comunidades para buscar por la v\u00eda del di\u00e1logo, dentro del derecho y la justicia, la soluci\u00f3n a conflictos sociales y agrarios m\u00e1s \u00e1lgidos en la entidad.<\/p>\n\n\n\n<p>La mesa fue encabezada por el Gobernador del Estado, Salom\u00f3n Jara Cruz, y la subsecretaria de Desarrollo Democr\u00e1tico, Participaci\u00f3n Social y Asuntos Religiosos de la Secretar\u00eda de Gobernaci\u00f3n (Segob), Iris Mariana Rodr\u00edguez Bello, as\u00ed como Luis Hern\u00e1ndez Palacios, titular de la Procuradur\u00eda Agraria.<\/p>\n\n\n\n<p>En reuniones distintas fueron atendidas y escuchadas autoridades municipales y agrarias de San Pedro El Alto y de Santo Domingo Teojomulco, y de Santo Domingo Ixcatl\u00e1n con Chalcatongo de Hidalgo.<\/p>\n\n\n\n<p>En los encuentros, la representaci\u00f3n del Gobierno de la Rep\u00fablica afirm\u00f3 que es prioridad propiciar un di\u00e1logo abierto para garantizar los derechos de los y las mexicanas mediante la resoluci\u00f3n de conflictos que den pie a una nueva relaci\u00f3n y sana convivencia entre los habitantes de ambas poblaciones.<\/p>\n\n\n\n<p>Inform\u00f3 que dar\u00e1n seguimiento y acompa\u00f1amiento a cada uno de los acuerdos a los que se lleguen en la Mesa de Atenci\u00f3n, para encontrar una soluci\u00f3n definitiva a la conflictividad existente.<\/p>\n\n\n\n<p>Confi\u00f3 que, el di\u00e1logo de las comunidades sea la base y el acompa\u00f1amiento de las autoridades, el conducto que lleve a soluciones eficaces y duraderas, en el marco del derecho y la justicia.<\/p>\n\n\n\n<p>En tanto, para el Gobierno del Estado el respaldo y acompa\u00f1amiento de la Secretar\u00eda de Gobernaci\u00f3n encabezada por su titular Luisa Mar\u00eda Alcalde, demuestra el compromiso para que, por la v\u00eda del di\u00e1logo, se diriman las diferencias y encuentren soluciones para consolidar la paz en el territorio oaxaque\u00f1o.<\/p>\n\n\n\n<p>Reiter\u00f3 que es prioridad atender puentes de di\u00e1logo y mantener abiertos canales de comunicaci\u00f3n con las representaciones agrarias de las comunidades, con la finalidad de alcanzar el desarrollo y paz territorial de las mismas.<\/p>\n\n\n\n<p>En la reuni\u00f3n el secretario de Gobierno, Jes\u00fas Romero L\u00f3pez inform\u00f3 que fueron puestas sobre la mesa propuestas y solicitudes, mismas que entrar\u00e1n a un proceso de an\u00e1lisis por todas las partes y con el acompa\u00f1amiento de autoridades federales y estatales.<\/p>\n\n\n\n<p>En la Mesa tambi\u00e9n estuvieron la Secretar\u00eda de Desarrollo Agrario, Territorial y Urbano (Sedatu), la Secretar\u00eda del Medio Ambiente y Recursos Naturales (Semarnat), el Registro Agrario Nacional (RAN), la Coordinaci\u00f3n de Delegados de Paz (Cdpaz), la Coordinaci\u00f3n de Atenci\u00f3n a los Derechos Humanos (CADH) y la Junta de Conciliaci\u00f3n Agraria (JCA).<\/p>\n","protected":false},"excerpt":{"rendered":"<p>Redacci\u00f3n\/Zona Roja. Oaxaca de Ju\u00e1rez, Oax. 4 de abril de 2024.- Este mi\u00e9rcoles se instal\u00f3&hellip;<\/p>\n","protected":false},"author":2,"featured_media":0,"comment_status":"closed","ping_status":"open","sticky":false,"template":"","format":"standard","meta":{"_lmt_disableupdate":"","_lmt_disable":"","_jetpack_memberships_contains_paid_content":false,"footnotes":""},"categories":[109,46],"tags":[939],"class_list":["post-66980","post","type-post","status-publish","format-standard","hentry","category-minuto-a-minuto","category-zona-blanca","tag-salomon-jara-cruz"],"jetpack_featured_media_url":"","jetpack_sharing_enabled":true,"_links":{"self":[{"href":"https:\/\/zonaroja.com.mx\/index.php?rest_route=\/wp\/v2\/posts\/66980","targetHints":{"allow":["GET"]}}],"collection":[{"href":"https:\/\/zonaroja.com.mx\/index.php?rest_route=\/wp\/v2\/posts"}],"about":[{"href":"https:\/\/zonaroja.com.mx\/index.php?rest_route=\/wp\/v2\/types\/post"}],"author":[{"embeddable":true,"href":"https:\/\/zonaroja.com.mx\/index.php?rest_route=\/wp\/v2\/users\/2"}],"replies":[{"embeddable":true,"href":"https:\/\/zonaroja.com.mx\/index.php?rest_route=%2Fwp%2Fv2%2Fcomments&post=66980"}],"version-history":[{"count":1,"href":"https:\/\/zonaroja.com.mx\/index.php?rest_route=\/wp\/v2\/posts\/66980\/revisions"}],"predecessor-version":[{"id":66981,"href":"https:\/\/zonaroja.com.mx\/index.php?rest_route=\/wp\/v2\/posts\/66980\/revisions\/66981"}],"wp:attachment":[{"href":"https:\/\/zonaroja.com.mx\/index.php?rest_route=%2Fwp%2Fv2%2Fmedia&parent=66980"}],"wp:term":[{"taxonomy":"category","embeddable":true,"href":"https:\/\/zonaroja.com.mx\/index.php?rest_route=%2Fwp%2Fv2%2Fcategories&post=66980"},{"taxonomy":"post_tag","embeddable":true,"href":"https:\/\/zonaroja.com.mx\/index.php?rest_route=%2Fwp%2Fv2%2Ftags&post=66980"}],"curies":[{"name":"wp","href":"https:\/\/api.w.org\/{rel}","templated":true}]}}