{"id":66986,"date":"2024-04-04T11:30:00","date_gmt":"2024-04-04T17:30:00","guid":{"rendered":"http:\/\/www.zonaroja.com.mx\/?p=66986"},"modified":"2024-04-04T07:43:23","modified_gmt":"2024-04-04T13:43:23","slug":"si-va-ley-contra-ejecuciones-extrajudiciales-asegura-presidente-del-congreso","status":"publish","type":"post","link":"https:\/\/zonaroja.com.mx\/?p=66986","title":{"rendered":"S\u00ed va ley contra ejecuciones extrajudiciales, asegura presidente del Congreso"},"content":{"rendered":"\n<p>Yuridiana Sosa\/ Zona Roja.<\/p>\n\n\n\n<p>Oaxaca de Ju\u00e1rez, Oax., 4 de abril de 2024.- Sin trabas, pero s\u00ed con un marco jur\u00eddico s\u00f3lido, se estudia la propuesta de ley para sancionar las ejecuciones extrajudiciales que impulsan organizaciones sociales, se\u00f1al\u00f3 el presidente de la Junta de Coordinaci\u00f3n Pol\u00edtica (Jucopo) de la 65 Legislatura local, Sergio L\u00f3pez S\u00e1nchez.<\/p>\n\n\n\n<p>Luego que organizaciones sociales se\u00f1alaron que tanto la Comisi\u00f3n de Administraci\u00f3n y Procuraci\u00f3n de Justicia, como el Gobierno del Estado por medio de la consejer\u00eda Jur\u00eddica, pusieron obst\u00e1culos para evitar esta ley, el legislador asegur\u00f3 que dicho planteamiento s\u00ed va.<\/p>\n\n\n\n<p>En entrevista, L\u00f3pez S\u00e1nchez sostuvo que sin duda el Congreso de Oaxaca busca que en la entidad se cuente con ese tipo de disposiciones dentro del<\/p>\n\n\n\n<p>C\u00f3digo Penal para tipificar el delito de ejecuci\u00f3n extrajudicial con sanciones muy puntuales y claras.<\/p>\n\n\n\n<p>Asever\u00f3 que existe un avance importante y \u201cen lo personal quiero manifestar a las organizaciones, a la ciudadan\u00eda, que ha planteado esta iniciativa, que tengan la confianza que s\u00ed vamos a avanzar para en su momento tener aprobado el dictamen que tipifica el delito de ejecuci\u00f3n extrajudicial\u201d.<\/p>\n\n\n\n<p>Sobre la denuncia de organizaciones, precis\u00f3 que \u201cno hay un freno (del Gobierno del Estado), hay una mala interpretaci\u00f3n de parte de las organizaciones, lo que estamos haciendo es escuchar las diversas voces\u201d.<\/p>\n\n\n\n<p>Para ello, dijo, incluso solicitaron la opini\u00f3n de quienes operativamente se encuentran en territorio, a los que llevan a cabo acciones de cateo, como son la Agencia Estatal de Investigaciones, de la Fiscal\u00eda de Oaxaca, y a la Polic\u00eda Estatal, pues la finalidad es que el marco jur\u00eddico responda a lo que se busca sin afectar a las corporaciones policiacas en el ejercicio de su funci\u00f3n y de su deber.<\/p>\n\n\n\n<p>\u201cEstamos buscando que el marco jur\u00eddico en materia de ejecuci\u00f3n extrajudicial quede debidamente redactado, sea funcional y en efecto responda a la demanda justa y a la demanda social de las organizaciones que han venido planteando y nosotros estamos totalmente de acuerdo\u201d, sostuvo el presidente de la Jucopo.<\/p>\n\n\n\n<p>Adem\u00e1s, indic\u00f3 que s\u00ed dar\u00e1 tiempo de ese ejercicio antes que termine su periodo legislativo, y recalc\u00f3: \u201ccoincidimos en que s\u00ed debe se&nbsp;legislar en materia de ejecuci\u00f3n extrajudicial\u201d.<\/p>\n\n\n\n<p>DIALOGAN EN GOBIERNO<\/p>\n\n\n\n<p>Por su parte, el titular de la Consejer\u00eda Jur\u00eddica y Asistencia Legal, Geovany V\u00e1squez Sagrero, inform\u00f3 que recibieron en mesa de trabajo a los integrantes de la Red Estatal de V\u00edctimas&nbsp; de Oaxaca \u201cT\u00f3mas Mart\u00ednez\u201d (REVO), del Comit\u00e9 de V\u00edctimas de Nochixtl\u00e1n y de la Secci\u00f3n 22 del SNTE.<\/p>\n\n\n\n<p>El abogado expres\u00f3 que reconoce&nbsp; la hist\u00f3rica lucha en defensa de los Derechos Humanos de dichos grupos, quienes pueden encontrar en la Consejer\u00eda Jur\u00eddica un aliado.<\/p>\n\n\n\n<p>Esto, luego que el martes las organizaciones sociales, defensores y activistas se manifestaron frente a Palacio de Gobierno para denunciar supuestos obst\u00e1culos que puso el Congreso de Oaxaca y el gobierno del estado para la aprobaci\u00f3n de la ley que sanciona las ejecuciones extrajudiciales.<\/p>\n\n\n\n<p>Los manifestantes exigieron que ambas autoridades dieran a conocer las observaciones por las que no era posible avanzar en la tipificaci\u00f3n de dicho delito, lo cual consideran de urgente en Oaxaca.<\/p>\n","protected":false},"excerpt":{"rendered":"<p>Yuridiana Sosa\/ Zona Roja. Oaxaca de Ju\u00e1rez, Oax., 4 de abril de 2024.- Sin trabas,&hellip;<\/p>\n","protected":false},"author":2,"featured_media":0,"comment_status":"closed","ping_status":"open","sticky":false,"template":"","format":"standard","meta":{"_lmt_disableupdate":"","_lmt_disable":"","_jetpack_memberships_contains_paid_content":false,"footnotes":""},"categories":[109,46],"tags":[2743,3803],"class_list":["post-66986","post","type-post","status-publish","format-standard","hentry","category-minuto-a-minuto","category-zona-blanca","tag-65-legislatura-del-estado-de-oaxaca","tag-sergio-lopez-sanchez"],"jetpack_featured_media_url":"","jetpack_sharing_enabled":true,"_links":{"self":[{"href":"https:\/\/zonaroja.com.mx\/index.php?rest_route=\/wp\/v2\/posts\/66986","targetHints":{"allow":["GET"]}}],"collection":[{"href":"https:\/\/zonaroja.com.mx\/index.php?rest_route=\/wp\/v2\/posts"}],"about":[{"href":"https:\/\/zonaroja.com.mx\/index.php?rest_route=\/wp\/v2\/types\/post"}],"author":[{"embeddable":true,"href":"https:\/\/zonaroja.com.mx\/index.php?rest_route=\/wp\/v2\/users\/2"}],"replies":[{"embeddable":true,"href":"https:\/\/zonaroja.com.mx\/index.php?rest_route=%2Fwp%2Fv2%2Fcomments&post=66986"}],"version-history":[{"count":1,"href":"https:\/\/zonaroja.com.mx\/index.php?rest_route=\/wp\/v2\/posts\/66986\/revisions"}],"predecessor-version":[{"id":66987,"href":"https:\/\/zonaroja.com.mx\/index.php?rest_route=\/wp\/v2\/posts\/66986\/revisions\/66987"}],"wp:attachment":[{"href":"https:\/\/zonaroja.com.mx\/index.php?rest_route=%2Fwp%2Fv2%2Fmedia&parent=66986"}],"wp:term":[{"taxonomy":"category","embeddable":true,"href":"https:\/\/zonaroja.com.mx\/index.php?rest_route=%2Fwp%2Fv2%2Fcategories&post=66986"},{"taxonomy":"post_tag","embeddable":true,"href":"https:\/\/zonaroja.com.mx\/index.php?rest_route=%2Fwp%2Fv2%2Ftags&post=66986"}],"curies":[{"name":"wp","href":"https:\/\/api.w.org\/{rel}","templated":true}]}}