{"id":66990,"date":"2024-04-04T14:30:00","date_gmt":"2024-04-04T20:30:00","guid":{"rendered":"http:\/\/www.zonaroja.com.mx\/?p=66990"},"modified":"2024-04-04T07:52:06","modified_gmt":"2024-04-04T13:52:06","slug":"opinion-morir-en-motocicleta","status":"publish","type":"post","link":"https:\/\/zonaroja.com.mx\/?p=66990","title":{"rendered":"Opini\u00f3n. Morir en motocicleta"},"content":{"rendered":"\n<p>N\u00e9stor Y. S\u00e1nchez Islas<\/p>\n\n\n\n<p>El ba\u00f1o de sangre en que la violencia criminal&nbsp;nos ahoga&nbsp;oculta otras cifras graves que, igualmente, al gobierno no le gusta que les pongamos atenci\u00f3n para no echar m\u00e1s \u00e1cido en la herida abierta por su incompetencia en&nbsp;el&nbsp;ejercicio&nbsp;del poder.<\/p>\n\n\n\n<p>No hay d\u00eda que no lea en los medios locales de alg\u00fan motociclista muerto en alg\u00fan lugar de la geograf\u00eda estatal. Este fen\u00f3meno no se limita a nuestro estado, pero hablemos solo de Oaxaca porque aqu\u00ed vivimos. La muerte viaja en motocicleta en dos sentidos. Por un&nbsp;lado,&nbsp;los que mueren en accidentes de tr\u00e1fico, por otro, los sicarios que&nbsp;desde sus motocicletas&nbsp;cometen asesinatos.<\/p>\n\n\n\n<p>Oaxaca ocupa el lugar 31 en casi todo: en econom\u00eda, en salud o en educaci\u00f3n, pero ocupamos el sexto lugar nacional por el n\u00famero de motocicletas circulando. Debe haber varias explicaciones para esta proliferaci\u00f3n de medio de transporte. S\u00ed&nbsp;por un lado tenemos que es m\u00e1s barata una moto que un auto, tambi\u00e9n es cierto que los continuos bloqueos de calles y carreteras nos han obligado a buscarlas como respuesta a la falta de movilidad.<\/p>\n\n\n\n<p>De acuerdo con estad\u00edsticas de las&nbsp;aseguradoras, un motociclista tiene 28% m\u00e1s de probabilidad de morir en un accidente y las causas principales son el exceso de velocidad, manejar alcoholizado o drogado o carecer de las habilidades para operar estos veh\u00edculos. Las consecuencias, adem\u00e1s de los da\u00f1os materiales, son perder la vida, una extremidad, quedar paral\u00edtico o traumas y fracturas, lo que nos lleva al da\u00f1o econ\u00f3mico tanto al patrimonio ajeno como al del motociclista. En fin.<\/p>\n\n\n\n<p>\u00bfQui\u00e9n es responsable? La respuesta inmediata es que debe ser el propio motociclista. Todos nos hemos encontrado con ellos manejando como locos&nbsp;por las calles, banquetas y v\u00edas prohibidas, rebasando por la derecha, pasando los altos de los sem\u00e1foros, circulando en sentido contrario y cometiendo toda clase de faltas no solo a los reglamentos de tr\u00e1nsito sino al mismo sentido com\u00fan y&nbsp;tambi\u00e9n a lo que deber\u00edas ser b\u00e1sico, al&nbsp;instinto de supervivencia.<\/p>\n\n\n\n<p>Pero hay alguien que tiene m\u00e1s responsabilidad y es el Estado, m\u00e1xime cuando el gobierno que representa a ese Estado es una administraci\u00f3n que ve en los veh\u00edculos una forma de&nbsp;recaudar dinero, es decir, ejercer solo una pol\u00edtica fiscal&nbsp;punitiva para las arcas del gobierno y una agresiva corrupci\u00f3n para&nbsp;llenar&nbsp;las carteras de los polic\u00edas y los funcionarios. La pol\u00edtica p\u00fablica recaudatoria que padecemos solo ve al ciudadano como una f\u00e1brica de dinero y no como una persona a la que debe servir y proteger.<\/p>\n\n\n\n<p>El Estado es responsable del p\u00e9simo servicio de transporte p\u00fablico que tenemos. En Oaxaca ni un sistema tipo Metrob\u00fas se ha podido echar a andar. Todo el transporte est\u00e1 en manos de mafias en las que participan funcionarios. El Estado es responsable de expedir leyes y reglamentos que son incapaces de hacer cumplir y cuyas cl\u00e1usulas sirven solo como&nbsp;medio&nbsp;para obtener jugosas mordidas como lo vemos con los&nbsp;inconstitucionales&nbsp;\u201coperativos\u201d&nbsp;en manada&nbsp;de la polic\u00eda vial que de nada sirven, excepto para morder.<\/p>\n\n\n\n<p>El Estado es el responsable de emitir las licencias para que todos los \u201clicenciados\u201d en manejo de veh\u00edculos puedan ejercer ese derecho sin haber demostrado que poseen los conocimientos y las habilidades para hacerlo.&nbsp;Al gobierno no le importa que sepas manejar o no,&nbsp;que conozcas los reglamentos&nbsp;o no,&nbsp;solo le importa que le pagues y punto.<\/p>\n\n\n\n<p>No tengo a nadie cercano a quien llorar por un accidente en motocicleta, pero no por ello debo guardar silencio ante un&nbsp;problema&nbsp;en continuo aumento. La irresponsabilidad de la autoridad aumenta como la irresponsabilidad de los motociclistas. El modelo recaudatorio tolera toda esta clase de conductas temerarias porque gira solo en torno al dinero que pueda levantar. La ley y los reglamentos los aplican cuando el ni\u00f1o&nbsp;ya&nbsp;se ahog\u00f3 para cobrar multas, gr\u00faas, corralones y dem\u00e1s abusos del gobierno.<\/p>\n\n\n\n<p>Como le gusta corear a tantos agitadores: fue el Estado. Si, el dram\u00e1tico aumento de muertes es responsabilidad de quienes deber\u00edan estar para servir y prevenir en lugar de esperar para morder.&nbsp;La Secretar\u00eda de Movilidad es un florero.<\/p>\n\n\n\n<p>Para agravar la situaci\u00f3n, la conducta de los j\u00f3venes est\u00e1 influida m\u00e1s por las pel\u00edculas de Hollywood o los videojuegos que por la realidad. Emular actos que ven en el cine es todo un reto que los lleva a comprometer su vida en tarugadas.&nbsp;Tenemos&nbsp;muchas&nbsp;historias&nbsp;de personas que han muerto o se han lastimado por cumplir los famosos \u201cretos virales\u201d que circulan por las redes. Si carecen del b\u00e1sico instinto de supervivencia no esperemos que alcancen&nbsp;el m\u00ednimo del sentido com\u00fan. La soluci\u00f3n deber\u00e1 ser tan compleja como el problema y ser\u00e1 a mediano y largo plazo. Lo que no debemos hacer es cerrar los ojos.<\/p>\n\n\n\n<p>LINCHAMIENTO.<\/p>\n\n\n\n<p>La apat\u00eda de la Fiscal\u00eda de Guerrero ante el secuestro y muerte de la ni\u00f1a Camila provocaron uno de los linchamientos m\u00e1s&nbsp;brutales transmitido&nbsp;en vivo. El gobierno deber\u00eda ver que estamos hartos.<\/p>\n\n\n\n<p>n\u00e9storyuri@yahoo.com<\/p>\n","protected":false},"excerpt":{"rendered":"<p>N\u00e9stor Y. S\u00e1nchez Islas El ba\u00f1o de sangre en que la violencia criminal&nbsp;nos ahoga&nbsp;oculta otras&hellip;<\/p>\n","protected":false},"author":2,"featured_media":41861,"comment_status":"closed","ping_status":"open","sticky":false,"template":"","format":"standard","meta":{"_lmt_disableupdate":"","_lmt_disable":"","_jetpack_memberships_contains_paid_content":false,"footnotes":""},"categories":[456,109],"tags":[3050],"class_list":["post-66990","post","type-post","status-publish","format-standard","has-post-thumbnail","hentry","category-columna","category-minuto-a-minuto","tag-nestor-yuri-sanchez"],"jetpack_featured_media_url":"https:\/\/zonaroja.com.mx\/wp-content\/uploads\/2022\/05\/Opinion-Nestor-Yuri-Sanchez-Islas.jpg","jetpack_sharing_enabled":true,"_links":{"self":[{"href":"https:\/\/zonaroja.com.mx\/index.php?rest_route=\/wp\/v2\/posts\/66990","targetHints":{"allow":["GET"]}}],"collection":[{"href":"https:\/\/zonaroja.com.mx\/index.php?rest_route=\/wp\/v2\/posts"}],"about":[{"href":"https:\/\/zonaroja.com.mx\/index.php?rest_route=\/wp\/v2\/types\/post"}],"author":[{"embeddable":true,"href":"https:\/\/zonaroja.com.mx\/index.php?rest_route=\/wp\/v2\/users\/2"}],"replies":[{"embeddable":true,"href":"https:\/\/zonaroja.com.mx\/index.php?rest_route=%2Fwp%2Fv2%2Fcomments&post=66990"}],"version-history":[{"count":1,"href":"https:\/\/zonaroja.com.mx\/index.php?rest_route=\/wp\/v2\/posts\/66990\/revisions"}],"predecessor-version":[{"id":66991,"href":"https:\/\/zonaroja.com.mx\/index.php?rest_route=\/wp\/v2\/posts\/66990\/revisions\/66991"}],"wp:featuredmedia":[{"embeddable":true,"href":"https:\/\/zonaroja.com.mx\/index.php?rest_route=\/wp\/v2\/media\/41861"}],"wp:attachment":[{"href":"https:\/\/zonaroja.com.mx\/index.php?rest_route=%2Fwp%2Fv2%2Fmedia&parent=66990"}],"wp:term":[{"taxonomy":"category","embeddable":true,"href":"https:\/\/zonaroja.com.mx\/index.php?rest_route=%2Fwp%2Fv2%2Fcategories&post=66990"},{"taxonomy":"post_tag","embeddable":true,"href":"https:\/\/zonaroja.com.mx\/index.php?rest_route=%2Fwp%2Fv2%2Ftags&post=66990"}],"curies":[{"name":"wp","href":"https:\/\/api.w.org\/{rel}","templated":true}]}}