{"id":66994,"date":"2024-04-04T16:10:51","date_gmt":"2024-04-04T22:10:51","guid":{"rendered":"http:\/\/www.zonaroja.com.mx\/?p=66994"},"modified":"2024-04-04T16:10:52","modified_gmt":"2024-04-04T22:10:52","slug":"asciende-a-11-los-migrantes-fallecidos-en-oaxaca-en-una-semana-ahora-son-de-africa","status":"publish","type":"post","link":"https:\/\/zonaroja.com.mx\/?p=66994","title":{"rendered":"Asciende a 11 los migrantes fallecidos en Oaxaca en una semana; ahora son de \u00c1frica"},"content":{"rendered":"\n<p>Yuridiana Sosa\/ Zona Roja.<\/p>\n\n\n\n<p>Oaxaca de Ju\u00e1rez, Oax., 4 de abril de 2024.- En el transcurso de ocho d\u00edas, 11 personas extranjeras, presuntamente en condici\u00f3n de migrantes, han fallecido en territorio oaxaque\u00f1o en dos diferentes hechos relacionados con accidentes.<\/p>\n\n\n\n<p>Tras el hallazgo de los ocho cuerpos sin vida de provenientes de&nbsp; China, en costas de Oaxaca, registrado el pasado 29 de marzo, este jueves se report\u00f3 el m\u00e1s reciente suceso contra la vida de tres migrante y del que otros cinco, identificados como originarios de Rep\u00fablica de Camer\u00fan, en \u00c1frica,&nbsp;resultaron lesionados.<\/p>\n\n\n\n<p>La ma\u00f1ana de este jueves, cerca de las 07:20 horas, se report\u00f3 sobre un accidente vial sobre la carretera 190 Jalapa del Marqu\u00e9s-Magdalena Tequisistl\u00e1n, en el kil\u00f3metro 214, en la regi\u00f3n del Istmo.<\/p>\n\n\n\n<p>Elementos de la Guardia Nacional localizaron, a la altura de la agencia de Llano Grande, una &nbsp;camioneta Ford&nbsp; color negro, tipo Explorer, con placas de circulaci\u00f3n TMR7796 del estado de Oaxaca, con tres masculinos sin vida, dentro y fuera de la unidad.<\/p>\n\n\n\n<p>Las primeras diligencias se\u00f1alaron que el veh\u00edculo sali\u00f3 del camino y volc\u00f3 a un costado de la carretera, del cual cinco m\u00e1s, cuatro mujeres y un hombre, resultaron lesionados.<\/p>\n\n\n\n<p>De los fallecidos, la Fiscal\u00eda General de Oaxaca report\u00f3 que dos \u2014un hombre y una mujer\u2014 &nbsp;son de origen de la Rep\u00fablica de Camer\u00fan, en \u00c1frica y uno como personas no identificadas.<\/p>\n\n\n\n<p>Uno de los cuerpos qued\u00f3 sobre la cinta asf\u00e1ltica y presuntamente contaba con 25 a\u00f1os de edad, otro de entre 35 o 40 a\u00f1os, se encontr\u00f3 a un costado de la camioneta de lado del copiloto y uno m\u00e1s, de aproximadamente 30 a\u00f1os de edad.&nbsp;&nbsp;<\/p>\n\n\n\n<p>Sobre los lesionados, se inform\u00f3 que cuatro informaron ser de originarios de Rep\u00fablica de Camer\u00fan; Zanise Axel Khan, de 34 a\u00f1os de edad;&nbsp;Tewan Delicia Abon\u00e9 de 29, y los masculinos&nbsp;Youashi Blek ,de&nbsp; 30 a\u00f1os de edad, y Chwifung Roseline Wanki, de 32 a\u00f1os de edad; mientras que otra &nbsp;f\u00e9mina de aproximadamente 20 a\u00f1os, &nbsp;se encuentra grave y no proporcion\u00f3 sus generales.<\/p>\n\n\n\n<p>PARTE OFICIAL<\/p>\n\n\n\n<p>La Fiscal\u00eda General de Oaxaca inform\u00f3 que realiza labores periciales y de investigaci\u00f3n del accidente carretero de una camioneta que transportaba personas migrantes ocurrido en la carretera federal 190.<\/p>\n\n\n\n<p>Confirm\u00f3 el fallecimiento de tres personas, dos de origen de la Rep\u00fablica de Camer\u00fan, &nbsp;una mujer y un hombre, que fueron identificadas ante el hallazgo de sus documentos; adem\u00e1s de una tercera v\u00edctima que se trata de un hombre que hasta el momento permanece sin ser identificado.<\/p>\n\n\n\n<p>Por medio de la Vicefiscal\u00eda Regional del Istmo se realiza el levantamiento de los cuerpos que ser\u00e1n sometidos a la necropsia de ley y a los respectivos dict\u00e1menes periciales.<\/p>\n\n\n\n<p>OTRO HECHO<\/p>\n\n\n\n<p>Apenas el pasado 29 de marzo se report\u00f3 el hallazgo de ocho cuerpos sin vida, siete mujeres y un var\u00f3n, y un sobreviviente a orillas de Playa Vicente en San Francisco del Mar, en las costas de la regi\u00f3n del Istmo de Oaxaca.<\/p>\n\n\n\n<p>Las v\u00edctimas, originarias de China, habr\u00edan sufrido un accidente cuando viajaban a bordo de una embarcaci\u00f3n frente a la costa de Oaxaca, luego de partir de Tapachula, Chiapas, el jueves 28 de marzo.<\/p>\n","protected":false},"excerpt":{"rendered":"<p>Yuridiana Sosa\/ Zona Roja. Oaxaca de Ju\u00e1rez, Oax., 4 de abril de 2024.- En el&hellip;<\/p>\n","protected":false},"author":2,"featured_media":0,"comment_status":"closed","ping_status":"open","sticky":false,"template":"","format":"standard","meta":{"_lmt_disableupdate":"","_lmt_disable":"","_jetpack_memberships_contains_paid_content":false,"footnotes":""},"categories":[109,47],"tags":[3641],"class_list":["post-66994","post","type-post","status-publish","format-standard","hentry","category-minuto-a-minuto","category-zona-gris","tag-migrantes-en-oaxaca"],"jetpack_featured_media_url":"","jetpack_sharing_enabled":true,"_links":{"self":[{"href":"https:\/\/zonaroja.com.mx\/index.php?rest_route=\/wp\/v2\/posts\/66994","targetHints":{"allow":["GET"]}}],"collection":[{"href":"https:\/\/zonaroja.com.mx\/index.php?rest_route=\/wp\/v2\/posts"}],"about":[{"href":"https:\/\/zonaroja.com.mx\/index.php?rest_route=\/wp\/v2\/types\/post"}],"author":[{"embeddable":true,"href":"https:\/\/zonaroja.com.mx\/index.php?rest_route=\/wp\/v2\/users\/2"}],"replies":[{"embeddable":true,"href":"https:\/\/zonaroja.com.mx\/index.php?rest_route=%2Fwp%2Fv2%2Fcomments&post=66994"}],"version-history":[{"count":1,"href":"https:\/\/zonaroja.com.mx\/index.php?rest_route=\/wp\/v2\/posts\/66994\/revisions"}],"predecessor-version":[{"id":66995,"href":"https:\/\/zonaroja.com.mx\/index.php?rest_route=\/wp\/v2\/posts\/66994\/revisions\/66995"}],"wp:attachment":[{"href":"https:\/\/zonaroja.com.mx\/index.php?rest_route=%2Fwp%2Fv2%2Fmedia&parent=66994"}],"wp:term":[{"taxonomy":"category","embeddable":true,"href":"https:\/\/zonaroja.com.mx\/index.php?rest_route=%2Fwp%2Fv2%2Fcategories&post=66994"},{"taxonomy":"post_tag","embeddable":true,"href":"https:\/\/zonaroja.com.mx\/index.php?rest_route=%2Fwp%2Fv2%2Ftags&post=66994"}],"curies":[{"name":"wp","href":"https:\/\/api.w.org\/{rel}","templated":true}]}}