{"id":66996,"date":"2024-04-04T19:10:33","date_gmt":"2024-04-05T01:10:33","guid":{"rendered":"http:\/\/www.zonaroja.com.mx\/?p=66996"},"modified":"2024-04-04T19:10:35","modified_gmt":"2024-04-05T01:10:35","slug":"la-cantautora-patricia-alcaraz-la-primera-mujer-en-recibir-la-medalla-alvaro-carrillo","status":"publish","type":"post","link":"https:\/\/zonaroja.com.mx\/?p=66996","title":{"rendered":"La cantautora Patricia Alcaraz, la primera mujer en recibir la medalla \u201c\u00c1lvaro Carrillo\u201d"},"content":{"rendered":"\n<p>Yuridiana Sosa\/Zona Roja.<\/p>\n\n\n\n<p>Oaxaca de Ju\u00e1rez, Oax., a 4 de abril de 2024.- El amor por sus ra\u00edces, por su tierra, por Oaxaca, han llevado a la cantautora Patricia Isela Alcaraz Michi a cruzar fronteras con su voz para difundir por medio de la m\u00fasica la cultura oaxaque\u00f1a, lo que le mereci\u00f3 recibir la medalla \u201c\u00c1lvaro Carrillo\u201d.<\/p>\n\n\n\n<p>Al iniciar su carrera en el mundo de la m\u00fasica, hace casi dos d\u00e9cadas, Patricia Alcaraz no imagin\u00f3 convertirse en una de las figuras art\u00edsticas m\u00e1s representativas de la cultura oaxaque\u00f1a ante la comunidad mexicana y latina en el extranjero.&nbsp;<\/p>\n\n\n\n<p>En entrevista &nbsp;la cantante originaria de San Pedro Comitancillo expres\u00f3: \u201cCuando iniciamos este proyecto nunca imaginamos el alcance que iba a tener, pues inici\u00f3 sin avaricia a promover la m\u00fasica de pueblo, despu\u00e9s la m\u00fasica del Istmo, que es muy rica y basta de autores contempor\u00e1neos y antiguos\u201d.<\/p>\n\n\n\n<p>Sus logros, en los que contempla una s\u00f3lida carrera como solista desde hace siete a\u00f1os, dijo, fueron posibles por un trabajo conjunto de sus compa\u00f1eros m\u00fasicos, con quienes ha caminado desde hace varios a\u00f1os.<\/p>\n\n\n\n<p>Reconoci\u00f3 que siempre quiso ser cantante, pero hubo muchos temores y barreras que se lo impidieron, por lo que cuando se decidi\u00f3 y era mayor, por ello \u201cle hemos metido el acelerador para ganarle tiempo al tiempo\u201d, logrando grabar cinco discos, el \u00faltimo titulado \u201cCorazonadas\u201d, en 2023.<\/p>\n\n\n\n<p>BUSCA ESPACIOS<\/p>\n\n\n\n<p>Sin m\u00e1s metas que cantar con amor al p\u00fablico, Patricia apunt\u00f3 que parte del \u00e9xito de un cantante es poder comprometerse con lo que hace y hacerlo con responsabilidad.<\/p>\n\n\n\n<p>En su caso, dijo, nunca ha escatimado en buscar y pedir espacios para manifestar su m\u00fasica; \u201cYo siempre pido espacios en los que pueda manifestarse con mi m\u00fasica, de ah\u00ed en fuera la gente es lo que decide si les gusta, si te acepta o no, y todo lo que he logrado hasta ahora, que para m\u00ed es mucho, porque no me lo propuse as\u00ed, no era el objetivo, se lo debo a mis compa\u00f1eros m\u00fasicos y al p\u00fablico que siempre ha estado presente\u201d.<\/p>\n\n\n\n<p>Es as\u00ed como tambi\u00e9n no ha dudado en sumarse a proyectos donde se difunda la m\u00fasica de Oaxaca, lo que la ha llevado a diferentes ciudades de Estados Unidos, principalmente donde radica comunidad oaxaque\u00f1a que la convocan para festividades que realizan para no olvidar sus ra\u00edces.<\/p>\n\n\n\n<p>California, Denver, &nbsp;Nueva York y pr\u00f3ximamente en Phoenix, Arizona y &nbsp;Texas forman parte de los sitios a los que ha llevado su m\u00fasica: \u201cLa m\u00fasica no tiene fronteras y la m\u00fasica oaxaque\u00f1a a\u00fan menos \u201c.<\/p>\n\n\n\n<p>ORGULLO<\/p>\n\n\n\n<p>Por medio de un mensaje en su redes sociales, la cantautora expres\u00f3 su felicidad y orgullo por recibir la medalla \u201c\u00c1lvaro Carrillo\u201d, por parte del Congreso de Oaxaca este 3 de abril.<\/p>\n\n\n\n<p>\u201cPor primera vez una mujer recibe la medalla y eso me llena de mucho orgullo; por primera vez tambi\u00e9n un galard\u00f3n de estas caracter\u00edsticas es para Comitancillo. Se la dedico por supuesto a todo mi pueblo de Comitancillo\u201d.<\/p>\n\n\n\n<p>Asegur\u00f3 que su proyecto musical solo ha tenido como \u00fanico objetivo difundir y cantar.<\/p>\n\n\n\n<p>Agradeci\u00f3 a sus m\u00fasicos, y \u201ca todos los m\u00fasicos tradicionales que se merecen el reconocimiento\u201d, pues han trabajado honestamente, con amor y amor sincero. \u201cNo tengo m\u00e1s que eso, &nbsp;agradecerles todos\u201d.<\/p>\n\n\n\n<p>EL PREMIO<\/p>\n\n\n\n<p>Patricia Isela Alcaraz Michi, de San Pedro Comitancillo, cuenta con un amplio trabajo que inici\u00f3 en 2006 cuando grab\u00f3 su primer \u00e1lbum \u201cJard\u00edn de ni\u00f1os musical\u201d; su m\u00e1s reciente material es del 2023 con el nombre de \u201cCorazonadas\u201d.<\/p>\n\n\n\n<p>Con motivo de la conmemoraci\u00f3n del 55 aniversario luctuoso del compositor \u00c1lvaro Carrillo, el Pleno de la 65 Legislatura de Oaxaca entreg\u00f3 la medalla que lleva su nombre, a Patricia Alcaraz Michi, por su destacada labor y trayectoria para impulsar la cultura y m\u00fasica en Oaxaca.<\/p>\n\n\n\n<p>En sesi\u00f3n solemne, el presidente de la Junta de Coordinaci\u00f3n Pol\u00edtica (JUCOPO), Sergio L\u00f3pez S\u00e1nchez, record\u00f3 que \u00c1lvaro Carrillo, compuso m\u00e1s de 300 canciones, las cuales fueron el conducto que lo llev\u00f3 a mostrarlo como el rostro cultural m\u00e1s conocido y representativo en nuestra naci\u00f3n.<\/p>\n\n\n\n<p>Tras resaltar la importancia de la convocatoria a la medalla \u00c1lvaro Carrillo, el legislador destac\u00f3 que esa actividad sirve para incrementar la participaci\u00f3n de la poblaci\u00f3n en la vida cultural y promueve la creatividad de toda la ciudadan\u00eda que definen su identidad y diversidad.<\/p>\n","protected":false},"excerpt":{"rendered":"<p>Yuridiana Sosa\/Zona Roja. Oaxaca de Ju\u00e1rez, Oax., a 4 de abril de 2024.- El amor&hellip;<\/p>\n","protected":false},"author":2,"featured_media":0,"comment_status":"closed","ping_status":"open","sticky":false,"template":"","format":"standard","meta":{"_lmt_disableupdate":"","_lmt_disable":"","_jetpack_memberships_contains_paid_content":false,"footnotes":""},"categories":[109,46],"tags":[2743,3152],"class_list":["post-66996","post","type-post","status-publish","format-standard","hentry","category-minuto-a-minuto","category-zona-blanca","tag-65-legislatura-del-estado-de-oaxaca","tag-patricia-alcaraz"],"jetpack_featured_media_url":"","jetpack_sharing_enabled":true,"_links":{"self":[{"href":"https:\/\/zonaroja.com.mx\/index.php?rest_route=\/wp\/v2\/posts\/66996","targetHints":{"allow":["GET"]}}],"collection":[{"href":"https:\/\/zonaroja.com.mx\/index.php?rest_route=\/wp\/v2\/posts"}],"about":[{"href":"https:\/\/zonaroja.com.mx\/index.php?rest_route=\/wp\/v2\/types\/post"}],"author":[{"embeddable":true,"href":"https:\/\/zonaroja.com.mx\/index.php?rest_route=\/wp\/v2\/users\/2"}],"replies":[{"embeddable":true,"href":"https:\/\/zonaroja.com.mx\/index.php?rest_route=%2Fwp%2Fv2%2Fcomments&post=66996"}],"version-history":[{"count":1,"href":"https:\/\/zonaroja.com.mx\/index.php?rest_route=\/wp\/v2\/posts\/66996\/revisions"}],"predecessor-version":[{"id":66997,"href":"https:\/\/zonaroja.com.mx\/index.php?rest_route=\/wp\/v2\/posts\/66996\/revisions\/66997"}],"wp:attachment":[{"href":"https:\/\/zonaroja.com.mx\/index.php?rest_route=%2Fwp%2Fv2%2Fmedia&parent=66996"}],"wp:term":[{"taxonomy":"category","embeddable":true,"href":"https:\/\/zonaroja.com.mx\/index.php?rest_route=%2Fwp%2Fv2%2Fcategories&post=66996"},{"taxonomy":"post_tag","embeddable":true,"href":"https:\/\/zonaroja.com.mx\/index.php?rest_route=%2Fwp%2Fv2%2Ftags&post=66996"}],"curies":[{"name":"wp","href":"https:\/\/api.w.org\/{rel}","templated":true}]}}