{"id":66998,"date":"2024-04-04T20:27:40","date_gmt":"2024-04-05T02:27:40","guid":{"rendered":"http:\/\/www.zonaroja.com.mx\/?p=66998"},"modified":"2024-04-04T20:27:41","modified_gmt":"2024-04-05T02:27:41","slug":"sentencia-de-54-anos-de-prision-a-homicida-de-oaxaca","status":"publish","type":"post","link":"https:\/\/zonaroja.com.mx\/?p=66998","title":{"rendered":"Sentencia de 54 a\u00f1os de prisi\u00f3n a homicida de Oaxaca"},"content":{"rendered":"\n<p>Redacci\u00f3n\/Zona Roja.<\/p>\n\n\n\n<p>Oaxaca de Ju\u00e1rez, Oax., a 4 de abril de 2024.- La Fiscal\u00eda General del Estado de Oaxaca obtuvo una sentencia de 54 a\u00f1os en contra de M.E.B.A. por los delitos de homicidio calificado con ventaja y tentativa de homicidio calificado con ventaja, hechos ocurridos en la regi\u00f3n de Valles Centrales.<\/p>\n\n\n\n<p>De acuerdo con el expediente penal, los hechos ocurrieron el 21 de septiembre de 2019, cuando las v\u00edctimas -identificadas como D.C.S. y J.Y.M.N.- caminaban sobre el camino antiguo al aeropuerto donde se encontraron de frente con un veh\u00edculo en el que viajaba el imputado, el cual les cerr\u00f3 el paso para despu\u00e9s agredirlos con un arma corto contundente (machete), por lo que en el lugar perdi\u00f3 la vida D.C.S, mientras que J.Y.M.N. result\u00f3 herido.<\/p>\n\n\n\n<p>Ante estos hechos, la Fiscal\u00eda General del Estado de Oaxaca -a trav\u00e9s de la Fiscal\u00eda Especializada en Delitos de Alto Impacto- realiz\u00f3 las investigaciones que permitieron aprender y presentar ante el Juez de la causa al imputado M.E.B.A.<\/p>\n\n\n\n<p>La FGEO present\u00f3 los datos de prueba ante el Juez de la causa, quien despu\u00e9s de analizarlos y evaluarlos, determin\u00f3 dictar sentencia condenatoria en contra de M.E.B.A. quien recibi\u00f3 una pena de 54 a\u00f1os de prisi\u00f3n por su responsabilidad en la comisi\u00f3n del delito de homicidio calificado y tentativa de homicidio, adem\u00e1s que tendr\u00e1 que pagar m\u00e1s de 422 mil pesos por concepto de reparaci\u00f3n del da\u00f1o.<\/p>\n\n\n\n<p>La Fiscal\u00eda de Oaxaca est\u00e1 comprometida con la investigaci\u00f3n de delitos de alto impacto para lo cual aplica protocolos y t\u00e9cnicas cient\u00edficas en las investigaciones de cr\u00edmenes, las cuales permiten brindar certeza en los trabajos de procuraci\u00f3n de justicia.<\/p>\n\n\n\n<p>EN PRISI\u00d3N POR VIOLENCIA FAMILIAR<\/p>\n\n\n\n<p>En otro caso, la Fiscal\u00eda de Oaxaca logr\u00f3 vincular a proceso a una persona del sexo masculino identificada como J.M.P., por los delitos de violencia familia y trata de personas, hechos ocurridos en la regi\u00f3n de la Costa.<\/p>\n\n\n\n<p>De acuerdo con el expediente penal, los hechos ocurrieron entre el seis de diciembre de 2020 y octubre de 2021, debido a que la v\u00edctima identificada como M.H.M., fue obligada a sostener relaciones sexuales con distintas personas, adem\u00e1s de ser objeto de agresiones f\u00edsicas.&nbsp;<\/p>\n\n\n\n<p>Luego de recibir la denuncia por estos hechos, la Fiscal\u00eda General del Estado -a trav\u00e9s de la Vicefiscal\u00eda Regional de la Costa- inici\u00f3 la investigaci\u00f3n al respecto, lo que permiti\u00f3 obtener y ejecutar la orden de aprehensi\u00f3n en contra del imputado J.M.P., quien fue llevado ante el Juez de la causa.<\/p>\n\n\n\n<p>Tras validar los datos de prueba proporcionados por la FGEO, el Juez determin\u00f3 vincular a proceso a J.M.P., a quien impuso la medida de prisi\u00f3n preventiva y otorg\u00f3 un mes para el cierre de la investigaci\u00f3n.<\/p>\n","protected":false},"excerpt":{"rendered":"<p>Redacci\u00f3n\/Zona Roja. Oaxaca de Ju\u00e1rez, Oax., a 4 de abril de 2024.- La Fiscal\u00eda General&hellip;<\/p>\n","protected":false},"author":2,"featured_media":30721,"comment_status":"closed","ping_status":"open","sticky":false,"template":"","format":"standard","meta":{"_lmt_disableupdate":"","_lmt_disable":"","_jetpack_memberships_contains_paid_content":false,"footnotes":""},"categories":[109,47],"tags":[494],"class_list":["post-66998","post","type-post","status-publish","format-standard","has-post-thumbnail","hentry","category-minuto-a-minuto","category-zona-gris","tag-fiscalia-general-del-estado-de-oaxaca"],"jetpack_featured_media_url":"https:\/\/zonaroja.com.mx\/wp-content\/uploads\/2021\/08\/Prision-carcel-3.jpg","jetpack_sharing_enabled":true,"_links":{"self":[{"href":"https:\/\/zonaroja.com.mx\/index.php?rest_route=\/wp\/v2\/posts\/66998","targetHints":{"allow":["GET"]}}],"collection":[{"href":"https:\/\/zonaroja.com.mx\/index.php?rest_route=\/wp\/v2\/posts"}],"about":[{"href":"https:\/\/zonaroja.com.mx\/index.php?rest_route=\/wp\/v2\/types\/post"}],"author":[{"embeddable":true,"href":"https:\/\/zonaroja.com.mx\/index.php?rest_route=\/wp\/v2\/users\/2"}],"replies":[{"embeddable":true,"href":"https:\/\/zonaroja.com.mx\/index.php?rest_route=%2Fwp%2Fv2%2Fcomments&post=66998"}],"version-history":[{"count":1,"href":"https:\/\/zonaroja.com.mx\/index.php?rest_route=\/wp\/v2\/posts\/66998\/revisions"}],"predecessor-version":[{"id":66999,"href":"https:\/\/zonaroja.com.mx\/index.php?rest_route=\/wp\/v2\/posts\/66998\/revisions\/66999"}],"wp:featuredmedia":[{"embeddable":true,"href":"https:\/\/zonaroja.com.mx\/index.php?rest_route=\/wp\/v2\/media\/30721"}],"wp:attachment":[{"href":"https:\/\/zonaroja.com.mx\/index.php?rest_route=%2Fwp%2Fv2%2Fmedia&parent=66998"}],"wp:term":[{"taxonomy":"category","embeddable":true,"href":"https:\/\/zonaroja.com.mx\/index.php?rest_route=%2Fwp%2Fv2%2Fcategories&post=66998"},{"taxonomy":"post_tag","embeddable":true,"href":"https:\/\/zonaroja.com.mx\/index.php?rest_route=%2Fwp%2Fv2%2Ftags&post=66998"}],"curies":[{"name":"wp","href":"https:\/\/api.w.org\/{rel}","templated":true}]}}