{"id":67000,"date":"2024-04-04T21:32:09","date_gmt":"2024-04-05T03:32:09","guid":{"rendered":"http:\/\/www.zonaroja.com.mx\/?p=67000"},"modified":"2024-04-04T21:32:10","modified_gmt":"2024-04-05T03:32:10","slug":"operan-en-oaxaca-56-grupos-delictivos-se-desmantelan-asegura-sspc","status":"publish","type":"post","link":"https:\/\/zonaroja.com.mx\/?p=67000","title":{"rendered":"Operan en Oaxaca 56 grupos delictivos; se desmantelan, asegura SSPC"},"content":{"rendered":"\n<p>Yuridiana Sosa\/Zona Roja.<\/p>\n\n\n\n<p>Oaxaca de Ju\u00e1rez, Oax.,4 de abril de 2024.- Al menos 56 grupos delictivos, identificados por la autoridad, operan en Oaxaca, en las diferentes regiones del estado, y contra los cuales se trabaja para desmantelarlos, asegur\u00f3 el titular de la Secretar\u00eda de Seguridad P\u00fablica y Protecci\u00f3n Ciudadana, Iv\u00e1 Garc\u00eda \u00c1lvarez.<\/p>\n\n\n\n<p>En conferencia en materia de seguridad, el secretario indic\u00f3 que se han realizado varias detenciones contra integrantes de los diversos grupos, para lo cual se trabaja de forma coordinada con la Fiscal\u00eda General de Oaxaca.<\/p>\n\n\n\n<p>Sin detallar el nombre de las organizaciones, cit\u00f3 que en la regi\u00f3n de la Mixteca hay aproximadamente 12 grupos movi\u00e9ndose; en Valle centrales, 13; en Sierra Sur, dos; en Sierra de Flores Mag\u00f3n (antes Ca\u00f1ada), dos;&nbsp; Costa son ocho; en Papaloapan son cinco y en el Istmo de 14 grupos delictivos.&nbsp;<\/p>\n\n\n\n<p>\u00abEstos se han venido desmantelando a lo largo de este a\u00f1o y 4 meses (del gobierno actual), y las detenciones que se realizan son en seguimiento con varias autoridades\u00bb indic\u00f3 el secretario de Seguridad P\u00fablica.<\/p>\n\n\n\n<p>Se\u00f1al\u00f3 que se incrementan los operativos coordinados con la parte federal, cuerpos estatales, que son producto de la denuncia o la flagrancia, asi como por seguimientos muy precisos con la Fiscal\u00eda de Oaxaca.<\/p>\n\n\n\n<p>\u00abEs una pir\u00e1mide que se ataca a nivel gobierno, a nivel estado, pero se tienen que ir debilitando en diferentes rubros, en la parte econ\u00f3mica, en la parte del armamento\u00bb, sostuvo.&nbsp;<\/p>\n\n\n\n<p>Entre los aseguramientos, dijo, se encuentran los de armamento largo, pues&nbsp; hay grupos que se dedican al trasiego, de la ciudad de M\u00e9xico hacia la parte de la frontera sur, por lo que esos&nbsp; aseguramientos \u00abva debilitando la forma de operaci\u00f3n de los grupos delictivos\u00bb.<\/p>\n\n\n\n<p>POR DROGAS<\/p>\n\n\n\n<p>Iv\u00e1n Garc\u00eda agreg\u00f3 sobre la ejecuci\u00f3n de&nbsp; constantes detenciones de grupos prioritarios, los cuales se han venido debilitado, mientras que en lo correspondiente a las drogas,&nbsp; detectaron que en la regi\u00f3n de la Costa se increment\u00f3 su venta en peque\u00f1as cantidades.<\/p>\n\n\n\n<p>En seguimiento de inteligencia se logr\u00f3 conocer que las v\u00edctimas-clientes que buscan son turistas y\/o extranjeros, quienes pagan 200 pesos por dosis de marihuana o coca\u00edna.&nbsp;<\/p>\n\n\n\n<p>OTROS PROBLEMAS&nbsp;<\/p>\n\n\n\n<p>El tirular de la SSPC reconoci\u00f3 que otro problema que tratan estrat\u00e9gicamente con las autoridades estatales y federales es poder fortalecer las fronteras, en especial con Chiapas.<\/p>\n\n\n\n<p>Por otra parte, revisan estrategias para evitar que circulen veh\u00edculos fuera de la ley, pues se han incrementado grupos de mototaxis, o taxis, los cuales son controlados por los grupos para el traslado de drogas o armamentos.<\/p>\n\n\n\n<p>Asi como por otra parte deben de incrementar acciones con autoridades migratorias en algunas zonas, pues tras las primeras indagatorias se conoce que los grupos ganan entre 500 mil y 600 mil pesos por semana en el trasiego de migrantes,<\/p>\n\n\n\n<p>\u00abEso nos est\u00e1 afectando, y eso hay que atacarlo, es lo que hay que seguir fortaleciendo para bajar los \u00edndices delictivos. Tenemos que ir atacando de forma integral y tenemos que ir golpeando a manera de disminuir sus lados log\u00edsticos\u00bb, expres\u00f3 el responsable de la Seguridad en Oaxaca.<\/p>\n","protected":false},"excerpt":{"rendered":"<p>Yuridiana Sosa\/Zona Roja. Oaxaca de Ju\u00e1rez, Oax.,4 de abril de 2024.- Al menos 56 grupos&hellip;<\/p>\n","protected":false},"author":2,"featured_media":51944,"comment_status":"closed","ping_status":"open","sticky":false,"template":"","format":"standard","meta":{"_lmt_disableupdate":"","_lmt_disable":"","_jetpack_memberships_contains_paid_content":false,"footnotes":""},"categories":[109,47],"tags":[820],"class_list":["post-67000","post","type-post","status-publish","format-standard","has-post-thumbnail","hentry","category-minuto-a-minuto","category-zona-gris","tag-secretaria-de-seguridad-y-proteccion-ciudadana"],"jetpack_featured_media_url":"https:\/\/zonaroja.com.mx\/wp-content\/uploads\/2023\/02\/Ivan-Garcia-Alvarez.jpeg","jetpack_sharing_enabled":true,"_links":{"self":[{"href":"https:\/\/zonaroja.com.mx\/index.php?rest_route=\/wp\/v2\/posts\/67000","targetHints":{"allow":["GET"]}}],"collection":[{"href":"https:\/\/zonaroja.com.mx\/index.php?rest_route=\/wp\/v2\/posts"}],"about":[{"href":"https:\/\/zonaroja.com.mx\/index.php?rest_route=\/wp\/v2\/types\/post"}],"author":[{"embeddable":true,"href":"https:\/\/zonaroja.com.mx\/index.php?rest_route=\/wp\/v2\/users\/2"}],"replies":[{"embeddable":true,"href":"https:\/\/zonaroja.com.mx\/index.php?rest_route=%2Fwp%2Fv2%2Fcomments&post=67000"}],"version-history":[{"count":1,"href":"https:\/\/zonaroja.com.mx\/index.php?rest_route=\/wp\/v2\/posts\/67000\/revisions"}],"predecessor-version":[{"id":67001,"href":"https:\/\/zonaroja.com.mx\/index.php?rest_route=\/wp\/v2\/posts\/67000\/revisions\/67001"}],"wp:featuredmedia":[{"embeddable":true,"href":"https:\/\/zonaroja.com.mx\/index.php?rest_route=\/wp\/v2\/media\/51944"}],"wp:attachment":[{"href":"https:\/\/zonaroja.com.mx\/index.php?rest_route=%2Fwp%2Fv2%2Fmedia&parent=67000"}],"wp:term":[{"taxonomy":"category","embeddable":true,"href":"https:\/\/zonaroja.com.mx\/index.php?rest_route=%2Fwp%2Fv2%2Fcategories&post=67000"},{"taxonomy":"post_tag","embeddable":true,"href":"https:\/\/zonaroja.com.mx\/index.php?rest_route=%2Fwp%2Fv2%2Ftags&post=67000"}],"curies":[{"name":"wp","href":"https:\/\/api.w.org\/{rel}","templated":true}]}}