{"id":67002,"date":"2024-04-06T12:16:00","date_gmt":"2024-04-06T18:16:00","guid":{"rendered":"http:\/\/www.zonaroja.com.mx\/?p=67002"},"modified":"2024-04-06T07:51:45","modified_gmt":"2024-04-06T13:51:45","slug":"por-fin-liberan-arboles-afectados-por-banquetas-y-las-rehabilitan","status":"publish","type":"post","link":"https:\/\/zonaroja.com.mx\/?p=67002","title":{"rendered":"Por fin, liberan \u00e1rboles afectados por banquetas y las rehabilitan"},"content":{"rendered":"\n<p>Raymundo Morales\/Zona Roja.<\/p>\n\n\n\n<p>Oaxaca de Ju\u00e1rez., Oax, a 6 de abril de 2024.- El crecimiento de las ra\u00edces de los \u00e1rboles rompi\u00f3 banquetas en diversas calles del centro de la ciudad de Oaxaca, lo cual imped\u00eda el tr\u00e1nsito de personas con discapacidad y con alguna otra complicaci\u00f3n para caminar.<\/p>\n\n\n\n<p>Ante ello, el ayuntamiento capitalino que preside Francisco Mart\u00ednez Neri implement\u00f3 el Programa Integral de Mantenimiento Urbano, a trav\u00e9s las &nbsp;secretar\u00edas de Medio Ambiente y Cambio Clim\u00e1tico; Servicios Municipales y Obras P\u00fablicas y Desarrollo Urbano.<\/p>\n\n\n\n<p>En una primera intervenci\u00f3n se realizaron trabajos en las calles de Mariano Matamoros, Murgu\u00eda, Independencia, Hidalgo, Morelos, Armenta y L\u00f3pez, ubicadas en el primer cuadro del Centro Hist\u00f3rico.&nbsp;<\/p>\n\n\n\n<p>De acuerdo con la autoridad municipal, las acciones se ejecutar\u00e1n de forma intensiva durante el mes de abril y contiene tambi\u00e9n la reparaci\u00f3n de luminarias, as\u00ed como la reposici\u00f3n de tapas de registros y &nbsp;tiene como objetivo lograr un equilibrio entre la imagen urbana y el cuidado al medio ambiente.<\/p>\n\n\n\n<p>En&nbsp;la segunda etapa de rehabilitaci\u00f3n llegar\u00e1 a las agencias municipales. En el desarrollo de estas acciones, la Secretar\u00eda de Medio Ambiente y Cambio Clim\u00e1tico de la capital, dictamina podas de \u00e1rboles y supervisa el corte de algunas ra\u00edces que no afecten al arbolado urbano de tal suerte que el gobierno municipal pueda brindar espacios seguros, incluyentes para todos los sectores de la poblaci\u00f3n, y al mismo tiempo se preserve todo el inventario natural de la ciudad.&nbsp;<\/p>\n\n\n\n<p>Guadalupe Samanta Cruz Ruiz, directora de Mantenimiento Urbano de la Secretar\u00eda de Servicios Municipales explic\u00f3 el proceso de la rehabilitaci\u00f3n de las banquetas:&nbsp;<\/p>\n\n\n\n<p>\u201cEstamos &nbsp;en recorridos desde el mes de marzo, para determinar lo que se tiene que hacer, teniendo en nuestras manos el dictamen emitido por la Secretar\u00eda de Medio Ambiente y Cambio Clim\u00e1tico, se realiza la poda de copas arb\u00f3reas de ser necesario, posterior a ello se levanta el concreto, procedemos a cortar las ra\u00edces que no da\u00f1an al \u00e1rbol, finalmente, se colocan algunos elementos como rejillas o concreto seg\u00fan sea el caso\u201d.&nbsp;<\/p>\n\n\n\n<p>Cruz Ruiz abund\u00f3 en el sentido de que en algunos de los casos las intervenciones requieren colaboraci\u00f3n con el INAH para lo cual se mantiene una estrecha comunicaci\u00f3n con esa instituci\u00f3n.<\/p>\n","protected":false},"excerpt":{"rendered":"<p>Raymundo Morales\/Zona Roja. Oaxaca de Ju\u00e1rez., Oax, a 6 de abril de 2024.- El crecimiento&hellip;<\/p>\n","protected":false},"author":2,"featured_media":0,"comment_status":"closed","ping_status":"open","sticky":false,"template":"","format":"standard","meta":{"_lmt_disableupdate":"","_lmt_disable":"","_jetpack_memberships_contains_paid_content":false,"footnotes":""},"categories":[109,46],"tags":[2418,148],"class_list":["post-67002","post","type-post","status-publish","format-standard","hentry","category-minuto-a-minuto","category-zona-blanca","tag-francisco-martinez-neri","tag-oaxaca-de-juarez"],"jetpack_featured_media_url":"","jetpack_sharing_enabled":true,"_links":{"self":[{"href":"https:\/\/zonaroja.com.mx\/index.php?rest_route=\/wp\/v2\/posts\/67002","targetHints":{"allow":["GET"]}}],"collection":[{"href":"https:\/\/zonaroja.com.mx\/index.php?rest_route=\/wp\/v2\/posts"}],"about":[{"href":"https:\/\/zonaroja.com.mx\/index.php?rest_route=\/wp\/v2\/types\/post"}],"author":[{"embeddable":true,"href":"https:\/\/zonaroja.com.mx\/index.php?rest_route=\/wp\/v2\/users\/2"}],"replies":[{"embeddable":true,"href":"https:\/\/zonaroja.com.mx\/index.php?rest_route=%2Fwp%2Fv2%2Fcomments&post=67002"}],"version-history":[{"count":2,"href":"https:\/\/zonaroja.com.mx\/index.php?rest_route=\/wp\/v2\/posts\/67002\/revisions"}],"predecessor-version":[{"id":67016,"href":"https:\/\/zonaroja.com.mx\/index.php?rest_route=\/wp\/v2\/posts\/67002\/revisions\/67016"}],"wp:attachment":[{"href":"https:\/\/zonaroja.com.mx\/index.php?rest_route=%2Fwp%2Fv2%2Fmedia&parent=67002"}],"wp:term":[{"taxonomy":"category","embeddable":true,"href":"https:\/\/zonaroja.com.mx\/index.php?rest_route=%2Fwp%2Fv2%2Fcategories&post=67002"},{"taxonomy":"post_tag","embeddable":true,"href":"https:\/\/zonaroja.com.mx\/index.php?rest_route=%2Fwp%2Fv2%2Ftags&post=67002"}],"curies":[{"name":"wp","href":"https:\/\/api.w.org\/{rel}","templated":true}]}}