{"id":67004,"date":"2024-04-05T06:49:28","date_gmt":"2024-04-05T12:49:28","guid":{"rendered":"http:\/\/www.zonaroja.com.mx\/?p=67004"},"modified":"2024-04-05T06:49:32","modified_gmt":"2024-04-05T12:49:32","slug":"hallan-cuerpo-de-individuo-asesinado-en-san-blas-atempa","status":"publish","type":"post","link":"https:\/\/zonaroja.com.mx\/?p=67004","title":{"rendered":"Hallan cuerpo de individuo asesinado en San Blas Atempa"},"content":{"rendered":"\n<p>Raymundo Morales\/Zona Roja.<\/p>\n\n\n\n<p>Oaxaca de Ju\u00e1rez, Oax., a 5 de abril de 2024.- El cuerpo sin vida de una persona con varios impactos de arma de fuego fue localizado ayer por la tarde en San Blas Atempa, municipio de la regi\u00f3n del Istmo de Tehuantepec.<\/p>\n\n\n\n<p>El hallazgo ocurri\u00f3 en un camino de terracer\u00eda que comunica a esa cabecera municipal con la localidad de Puente Madero y hasta el momento la v\u00edctima no ha sido identificada.<\/p>\n\n\n\n<p>Se calcula que el hoy occiso contaba con entre 20 a 30 a\u00f1os de edad y como se\u00f1as tiene tatuado en el pecho el nombre de \u201cBenito\u201d; hasta esta ma\u00f1ana, de manera oficial no ha sido identificada la v\u00edctima.<\/p>\n\n\n\n<p>Tras la intervenci\u00f3n de personal de la Vicefiscal\u00eda Regional del Istmo, en la zona se hallaron varios casquillos percutidos de arma calibre nueve mil\u00edmetros. Ello forma parte de la carpeta de investigaci\u00f3n que inici\u00f3 esa instancia dependiente de la Fiscal\u00eda General del Estado de Oaxaca.<\/p>\n","protected":false},"excerpt":{"rendered":"<p>Raymundo Morales\/Zona Roja. Oaxaca de Ju\u00e1rez, Oax., a 5 de abril de 2024.- El cuerpo&hellip;<\/p>\n","protected":false},"author":2,"featured_media":18320,"comment_status":"closed","ping_status":"open","sticky":false,"template":"","format":"standard","meta":{"_lmt_disableupdate":"","_lmt_disable":"","_jetpack_memberships_contains_paid_content":false,"footnotes":""},"categories":[109,51],"tags":[179],"class_list":["post-67004","post","type-post","status-publish","format-standard","has-post-thumbnail","hentry","category-minuto-a-minuto","category-zona-roja","tag-san-blas-atempa"],"jetpack_featured_media_url":"https:\/\/zonaroja.com.mx\/wp-content\/uploads\/2020\/10\/Escena-del-crimen2.jpg","jetpack_sharing_enabled":true,"_links":{"self":[{"href":"https:\/\/zonaroja.com.mx\/index.php?rest_route=\/wp\/v2\/posts\/67004","targetHints":{"allow":["GET"]}}],"collection":[{"href":"https:\/\/zonaroja.com.mx\/index.php?rest_route=\/wp\/v2\/posts"}],"about":[{"href":"https:\/\/zonaroja.com.mx\/index.php?rest_route=\/wp\/v2\/types\/post"}],"author":[{"embeddable":true,"href":"https:\/\/zonaroja.com.mx\/index.php?rest_route=\/wp\/v2\/users\/2"}],"replies":[{"embeddable":true,"href":"https:\/\/zonaroja.com.mx\/index.php?rest_route=%2Fwp%2Fv2%2Fcomments&post=67004"}],"version-history":[{"count":1,"href":"https:\/\/zonaroja.com.mx\/index.php?rest_route=\/wp\/v2\/posts\/67004\/revisions"}],"predecessor-version":[{"id":67005,"href":"https:\/\/zonaroja.com.mx\/index.php?rest_route=\/wp\/v2\/posts\/67004\/revisions\/67005"}],"wp:featuredmedia":[{"embeddable":true,"href":"https:\/\/zonaroja.com.mx\/index.php?rest_route=\/wp\/v2\/media\/18320"}],"wp:attachment":[{"href":"https:\/\/zonaroja.com.mx\/index.php?rest_route=%2Fwp%2Fv2%2Fmedia&parent=67004"}],"wp:term":[{"taxonomy":"category","embeddable":true,"href":"https:\/\/zonaroja.com.mx\/index.php?rest_route=%2Fwp%2Fv2%2Fcategories&post=67004"},{"taxonomy":"post_tag","embeddable":true,"href":"https:\/\/zonaroja.com.mx\/index.php?rest_route=%2Fwp%2Fv2%2Ftags&post=67004"}],"curies":[{"name":"wp","href":"https:\/\/api.w.org\/{rel}","templated":true}]}}