{"id":67010,"date":"2024-04-05T10:30:00","date_gmt":"2024-04-05T16:30:00","guid":{"rendered":"http:\/\/www.zonaroja.com.mx\/?p=67010"},"modified":"2024-04-05T07:48:53","modified_gmt":"2024-04-05T13:48:53","slug":"ya-viene-el-aniversario-de-la-ciudad-de-oaxaca-pero-de-que-adolece-la-capital","status":"publish","type":"post","link":"https:\/\/zonaroja.com.mx\/?p=67010","title":{"rendered":"Ya viene el aniversario de la ciudad de Oaxaca, \u00bfpero de qu\u00e9 adolece la capital?"},"content":{"rendered":"\n<p>Ismael Garc\u00eda M.\/Zona Roja.<\/p>\n\n\n\n<p>Oaxaca de Ju\u00e1rez, Oax., a 5 de abril de 2024.- El Cabildo de Oaxaca de Ju\u00e1rez aprob\u00f3 un Punto de Acuerdo para declarar el teatro \u201cMacedonio Alcal\u00e1\u201d como recinto oficial para conmemorar el 492 aniversario de la ciudad.<\/p>\n\n\n\n<p>Ello para efectuar una sesi\u00f3n solemne de Cabildo, con la presencia de autoridades de los tres niveles de gobierno como invitados.<\/p>\n\n\n\n<p>Hasta el momento preparan la agenda de actividades del jueves 25 de abril y en ese contexto, el presidente municipal Francisco Mart\u00ednez Neri, reconoci\u00f3 que a\u00fan hay problem\u00e1ticas en la capital del estado.<\/p>\n\n\n\n<p>\u201cTenemos problemas serios en Oaxaca, como el del agua, que tenemos que resolver entre todos; seguimos teniendo el problema de los residuos s\u00f3lidos; tenemos necesidad de fortalecer la seguridad p\u00fablica.<\/p>\n\n\n\n<p>\u201cLa necesidad de corregir y abonar en el mejoramiento de las vialidades de la zona urbana y m\u00e1s a\u00fan ahora que el tr\u00e1nsito es tan grande de la gente que viene y que va a Puerto Escondido.<\/p>\n\n\n\n<p>\u201cNecesitamos el libramiento sur y yo creo que eso no debe dejarse como idea, para citar algunos de los grandes problemas\u201d, dijo el presidente municipal.<\/p>\n\n\n\n<p>Apunt\u00f3 que en lo que corresponde a su administraci\u00f3n, se han enfrentado estas problem\u00e1ticas, entre ellas la del agua con el programa de \u201cCiudad esponja\u201d y la de la basura con el programa de reciclaje y el traslado de los desechos a otras partes de la capital.<\/p>\n\n\n\n<p>VA LICENCIA<\/p>\n\n\n\n<p>Por otra parte, el edil surgido del Partido Morena, y quien busca la reelecci\u00f3n en el cargo, confirm\u00f3 que a finales de este mes estar\u00e1 pidiendo licencia para dedicarse a actividades proselitistas.<\/p>\n\n\n\n<p>Junto con \u00e9l, al menos otros tres concejales del ayuntamiento se retirar\u00edan temporalmente, como es el caso de Jocabed Betanzos, Pablo Puga y Juan Rafael Rosas Herrera, este \u00faltimo quien ya formaliz\u00f3 y concret\u00f3 su licencia temporal.<\/p>\n\n\n\n<p>-Son varias licencias, \u00bfeso no modifica o altera las actividades del ayuntamiento?<\/p>\n\n\n\n<p>-Creo que no, porque se logra a\u00fan as\u00ed una mayor\u00eda calificada; de todas maneras en su caso hay suplentes que asumen los cargos.<\/p>\n","protected":false},"excerpt":{"rendered":"<p>Ismael Garc\u00eda M.\/Zona Roja. Oaxaca de Ju\u00e1rez, Oax., a 5 de abril de 2024.- El&hellip;<\/p>\n","protected":false},"author":2,"featured_media":58083,"comment_status":"closed","ping_status":"open","sticky":false,"template":"","format":"standard","meta":{"_lmt_disableupdate":"","_lmt_disable":"","_jetpack_memberships_contains_paid_content":false,"footnotes":""},"categories":[109,46],"tags":[2418],"class_list":["post-67010","post","type-post","status-publish","format-standard","has-post-thumbnail","hentry","category-minuto-a-minuto","category-zona-blanca","tag-francisco-martinez-neri"],"jetpack_featured_media_url":"https:\/\/zonaroja.com.mx\/wp-content\/uploads\/2023\/07\/Francisco-Martinez-Neri.jpg","jetpack_sharing_enabled":true,"_links":{"self":[{"href":"https:\/\/zonaroja.com.mx\/index.php?rest_route=\/wp\/v2\/posts\/67010","targetHints":{"allow":["GET"]}}],"collection":[{"href":"https:\/\/zonaroja.com.mx\/index.php?rest_route=\/wp\/v2\/posts"}],"about":[{"href":"https:\/\/zonaroja.com.mx\/index.php?rest_route=\/wp\/v2\/types\/post"}],"author":[{"embeddable":true,"href":"https:\/\/zonaroja.com.mx\/index.php?rest_route=\/wp\/v2\/users\/2"}],"replies":[{"embeddable":true,"href":"https:\/\/zonaroja.com.mx\/index.php?rest_route=%2Fwp%2Fv2%2Fcomments&post=67010"}],"version-history":[{"count":1,"href":"https:\/\/zonaroja.com.mx\/index.php?rest_route=\/wp\/v2\/posts\/67010\/revisions"}],"predecessor-version":[{"id":67011,"href":"https:\/\/zonaroja.com.mx\/index.php?rest_route=\/wp\/v2\/posts\/67010\/revisions\/67011"}],"wp:featuredmedia":[{"embeddable":true,"href":"https:\/\/zonaroja.com.mx\/index.php?rest_route=\/wp\/v2\/media\/58083"}],"wp:attachment":[{"href":"https:\/\/zonaroja.com.mx\/index.php?rest_route=%2Fwp%2Fv2%2Fmedia&parent=67010"}],"wp:term":[{"taxonomy":"category","embeddable":true,"href":"https:\/\/zonaroja.com.mx\/index.php?rest_route=%2Fwp%2Fv2%2Fcategories&post=67010"},{"taxonomy":"post_tag","embeddable":true,"href":"https:\/\/zonaroja.com.mx\/index.php?rest_route=%2Fwp%2Fv2%2Ftags&post=67010"}],"curies":[{"name":"wp","href":"https:\/\/api.w.org\/{rel}","templated":true}]}}