{"id":67012,"date":"2024-04-05T11:30:00","date_gmt":"2024-04-05T17:30:00","guid":{"rendered":"http:\/\/www.zonaroja.com.mx\/?p=67012"},"modified":"2024-04-05T07:51:15","modified_gmt":"2024-04-05T13:51:15","slug":"con-correctas-acciones-se-habrian-salvado-224-mil-vidas-del-covid","status":"publish","type":"post","link":"https:\/\/zonaroja.com.mx\/?p=67012","title":{"rendered":"Con correctas acciones, se habr\u00edan salvado 224 mil vidas del Covid"},"content":{"rendered":"\n<p>Redacci\u00f3n\/Zona Roja Cdmx.<\/p>\n\n\n\n<p>Ciudad de M\u00e9xico, a 5 de abril de 2024.- El Gobierno de M\u00e9xico pudo haber salvado poco m\u00e1s de 224 mil vidas de haber gestionado de otra manera la crisis sanitaria por coronavirus, seg\u00fan las conclusiones preliminares de un informe de la Comisi\u00f3n Independiente de Investigaci\u00f3n sobre la Pandemia de Covid-19, integrada por diversos expertos.<\/p>\n\n\n\n<p>\u201cMediante un an\u00e1lisis matem\u00e1tico, se estima que por lo menos 224 mil 244 vidas se hubieran salvado, de haber existido un manejo diferente de la pandemia\u201d, explic\u00f3 en un comunicado el organismo conformado por 17 cient\u00edficos, investigadores y profesionales mexicanos.<\/p>\n\n\n\n<p>M\u00e9xico, seg\u00fan cifras oficiales, es el quinto pa\u00eds con m\u00e1s muertes confirmadas por Covid-19, con m\u00e1s de 334 mil, aunque especialistas han estimado que el n\u00famero de decesos podr\u00eda ser mucho mayor.<\/p>\n\n\n\n<p>En ese sentido, la comisi\u00f3n se\u00f1al\u00f3 que el elevado n\u00famero de fallecimientos \u201cno se explica en su totalidad\u201d por la situaci\u00f3n del sistema de salud, la demograf\u00eda o las condiciones preexistentes de salud de la sociedad mexicana como diabetes y obesidad.<\/p>\n\n\n\n<p>Tambi\u00e9n apunt\u00f3 que la estrategia gubernamental para combatir la pandemia incluy\u00f3 la personalizaci\u00f3n excesiva, el rechazo a la deliberaci\u00f3n y la evidencia cient\u00edfica.<\/p>\n\n\n\n<p>Asimismo, precis\u00f3 que la comunicaci\u00f3n gubernamental se vio afectada por la minimizaci\u00f3n de la gravedad de la situaci\u00f3n, el uso enga\u00f1oso de datos, la justificaci\u00f3n pseudo-cient\u00edfica de decisiones pol\u00edticas y la decisi\u00f3n de gestionar la percepci\u00f3n de la sociedad, \u201cen vez de gestionar la crisis sanitaria para evitar al m\u00e1ximo los contagios y fallecimientos\u201d.<\/p>\n\n\n\n<p>Otra de las conclusiones fue que las debilidades del sistema de salud se exacerbaron debido a reformas \u201cregresivas\u201d y a una pol\u00edtica err\u00e1tica de subejercicio y recorte al gasto, \u201clo que redujo su capacidad para responder a la crisis\u201d.<\/p>\n\n\n\n<p>En cuanto al tema socio-econ\u00f3mico, destacaron la desprotecci\u00f3n de sectores populares y grupos vulnerables por la falta de est\u00edmulos econ\u00f3micos, el aumento pronunciado del gasto familiar en salud, as\u00ed como el impacto en mortalidad, orfandad y esperanza de vida, que termin\u00f3 afectando m\u00e1s a las personas de menores ingresos.<\/p>\n\n\n\n<p>\u201cEl informe que estamos preparando es vital, no solo para entender lo que realmente pas\u00f3 con la pandemia de Covid-19, sino para que M\u00e9xico tome las medidas necesarias para enfrentar nuevas emergencias sanitarias en el futuro\u201d, dijo Jaime Sep\u00falveda, presidente de la Comisi\u00f3n Independiente.<\/p>\n\n\n\n<p>Enfatiz\u00f3 que su prop\u00f3sito es aprender a no repetir este tipo de situaciones y rescatar todas las lecciones posibles para que, cuando se presente otra emergencia sanitaria, el pa\u00eds no vuelva a pagar un costo \u201ctan elevado en vidas, salud y bienestar\u201d.<\/p>\n\n\n\n<p>Finalmente, la Comisi\u00f3n hizo un llamado a la sociedad a mantenerse pendiente de las propuestas en materia de salud de las candidatas y el candidato presidencial especialmente sobre la transparencia y rendici\u00f3n de cuentas sobre el manejo de la pandemia, sus iniciativas a la atenci\u00f3n del llamado \u201cCovid largo\u201d y sus planes para el fortalecimiento del sistema de salud.<\/p>\n\n\n\n<p>(Con informaci\u00f3n de EFE en L\u00f3pez-D\u00f3riga Digital)<\/p>\n","protected":false},"excerpt":{"rendered":"<p>Redacci\u00f3n\/Zona Roja Cdmx. Ciudad de M\u00e9xico, a 5 de abril de 2024.- El Gobierno de&hellip;<\/p>\n","protected":false},"author":2,"featured_media":12309,"comment_status":"closed","ping_status":"open","sticky":false,"template":"","format":"standard","meta":{"_lmt_disableupdate":"","_lmt_disable":"","_jetpack_memberships_contains_paid_content":false,"footnotes":""},"categories":[109,47],"tags":[3669],"class_list":["post-67012","post","type-post","status-publish","format-standard","has-post-thumbnail","hentry","category-minuto-a-minuto","category-zona-gris","tag-covid-19"],"jetpack_featured_media_url":"https:\/\/zonaroja.com.mx\/wp-content\/uploads\/2020\/05\/Muertos-Covid.jpg","jetpack_sharing_enabled":true,"_links":{"self":[{"href":"https:\/\/zonaroja.com.mx\/index.php?rest_route=\/wp\/v2\/posts\/67012","targetHints":{"allow":["GET"]}}],"collection":[{"href":"https:\/\/zonaroja.com.mx\/index.php?rest_route=\/wp\/v2\/posts"}],"about":[{"href":"https:\/\/zonaroja.com.mx\/index.php?rest_route=\/wp\/v2\/types\/post"}],"author":[{"embeddable":true,"href":"https:\/\/zonaroja.com.mx\/index.php?rest_route=\/wp\/v2\/users\/2"}],"replies":[{"embeddable":true,"href":"https:\/\/zonaroja.com.mx\/index.php?rest_route=%2Fwp%2Fv2%2Fcomments&post=67012"}],"version-history":[{"count":1,"href":"https:\/\/zonaroja.com.mx\/index.php?rest_route=\/wp\/v2\/posts\/67012\/revisions"}],"predecessor-version":[{"id":67013,"href":"https:\/\/zonaroja.com.mx\/index.php?rest_route=\/wp\/v2\/posts\/67012\/revisions\/67013"}],"wp:featuredmedia":[{"embeddable":true,"href":"https:\/\/zonaroja.com.mx\/index.php?rest_route=\/wp\/v2\/media\/12309"}],"wp:attachment":[{"href":"https:\/\/zonaroja.com.mx\/index.php?rest_route=%2Fwp%2Fv2%2Fmedia&parent=67012"}],"wp:term":[{"taxonomy":"category","embeddable":true,"href":"https:\/\/zonaroja.com.mx\/index.php?rest_route=%2Fwp%2Fv2%2Fcategories&post=67012"},{"taxonomy":"post_tag","embeddable":true,"href":"https:\/\/zonaroja.com.mx\/index.php?rest_route=%2Fwp%2Fv2%2Ftags&post=67012"}],"curies":[{"name":"wp","href":"https:\/\/api.w.org\/{rel}","templated":true}]}}