{"id":67014,"date":"2024-04-05T12:30:00","date_gmt":"2024-04-05T18:30:00","guid":{"rendered":"http:\/\/www.zonaroja.com.mx\/?p=67014"},"modified":"2024-04-05T07:53:17","modified_gmt":"2024-04-05T13:53:17","slug":"vinculan-a-proceso-a-una-mujer-por-el-delito-de-extorsion-en-la-costa","status":"publish","type":"post","link":"https:\/\/zonaroja.com.mx\/?p=67014","title":{"rendered":"Vinculan a proceso a una mujer por el delito de extorsi\u00f3n en la Costa"},"content":{"rendered":"\n<p>Redacci\u00f3n\/Zona Roja.&nbsp;<\/p>\n\n\n\n<p>Oaxaca de Ju\u00e1rez, Oax., a 5 de abril de 2024.- Como resultado del trabajo de investigaci\u00f3n ministerial, la Fiscal\u00eda General del Estado de Oaxaca (FGEO) vincul\u00f3 a proceso a una persona del sexo femenino identificada como E.S.S, por el delito de extorsi\u00f3n cometido en la regi\u00f3n de la Costa.<\/p>\n\n\n\n<p>De acuerdo a la causa penal, los hechos ocurrieron el 22 de diciembre del 2023 en un crucero vial, perteneciente a la localidad de Cerro del Aire, Santos Reyes Nopala del distrito de Juquila, lugar donde citaron a las personas que fueron v\u00edctimas de amenazas verbales y f\u00edsicas, con lo que exigieron el pago de una fuerte suma de dinero en efectivo.<\/p>\n\n\n\n<p>Una vez que la FGEO recab\u00f3 los datos de prueba, a trav\u00e9s de la Vicefiscal\u00eda Regional de la Costa, se obtuvo la orden de aprehensi\u00f3n correspondiente.<\/p>\n\n\n\n<p>Gracias a una acci\u00f3n policial desplegada por elementos de la Agencia Estatal de Investigaciones (AEI) se logr\u00f3 la detenci\u00f3n de E.S.S., quien fue puesta a disposici\u00f3n de las autoridades correspondientes.<\/p>\n\n\n\n<p>Tras evaluar el resultado de las indagatorias ministeriales, el Juez que atiende la causa, dict\u00f3 auto de vinculaci\u00f3n a proceso en contra de la imputada, a quien impuso la medida cautelar de prisi\u00f3n preventiva oficiosa, concediendo el plazo de un mes para el cierre de investigaci\u00f3n complementaria.<\/p>\n","protected":false},"excerpt":{"rendered":"<p>Redacci\u00f3n\/Zona Roja.&nbsp; Oaxaca de Ju\u00e1rez, Oax., a 5 de abril de 2024.- Como resultado del&hellip;<\/p>\n","protected":false},"author":2,"featured_media":34298,"comment_status":"closed","ping_status":"open","sticky":false,"template":"","format":"standard","meta":{"_lmt_disableupdate":"","_lmt_disable":"","_jetpack_memberships_contains_paid_content":false,"footnotes":""},"categories":[109,46],"tags":[494],"class_list":["post-67014","post","type-post","status-publish","format-standard","has-post-thumbnail","hentry","category-minuto-a-minuto","category-zona-blanca","tag-fiscalia-general-del-estado-de-oaxaca"],"jetpack_featured_media_url":"https:\/\/zonaroja.com.mx\/wp-content\/uploads\/2021\/11\/Detenida-mujer-delito-aprehendida1.jpg","jetpack_sharing_enabled":true,"_links":{"self":[{"href":"https:\/\/zonaroja.com.mx\/index.php?rest_route=\/wp\/v2\/posts\/67014","targetHints":{"allow":["GET"]}}],"collection":[{"href":"https:\/\/zonaroja.com.mx\/index.php?rest_route=\/wp\/v2\/posts"}],"about":[{"href":"https:\/\/zonaroja.com.mx\/index.php?rest_route=\/wp\/v2\/types\/post"}],"author":[{"embeddable":true,"href":"https:\/\/zonaroja.com.mx\/index.php?rest_route=\/wp\/v2\/users\/2"}],"replies":[{"embeddable":true,"href":"https:\/\/zonaroja.com.mx\/index.php?rest_route=%2Fwp%2Fv2%2Fcomments&post=67014"}],"version-history":[{"count":1,"href":"https:\/\/zonaroja.com.mx\/index.php?rest_route=\/wp\/v2\/posts\/67014\/revisions"}],"predecessor-version":[{"id":67015,"href":"https:\/\/zonaroja.com.mx\/index.php?rest_route=\/wp\/v2\/posts\/67014\/revisions\/67015"}],"wp:featuredmedia":[{"embeddable":true,"href":"https:\/\/zonaroja.com.mx\/index.php?rest_route=\/wp\/v2\/media\/34298"}],"wp:attachment":[{"href":"https:\/\/zonaroja.com.mx\/index.php?rest_route=%2Fwp%2Fv2%2Fmedia&parent=67014"}],"wp:term":[{"taxonomy":"category","embeddable":true,"href":"https:\/\/zonaroja.com.mx\/index.php?rest_route=%2Fwp%2Fv2%2Fcategories&post=67014"},{"taxonomy":"post_tag","embeddable":true,"href":"https:\/\/zonaroja.com.mx\/index.php?rest_route=%2Fwp%2Fv2%2Ftags&post=67014"}],"curies":[{"name":"wp","href":"https:\/\/api.w.org\/{rel}","templated":true}]}}