{"id":67019,"date":"2024-04-05T15:14:00","date_gmt":"2024-04-05T21:14:00","guid":{"rendered":"http:\/\/www.zonaroja.com.mx\/?p=67019"},"modified":"2024-04-05T08:21:06","modified_gmt":"2024-04-05T14:21:06","slug":"pueblos-indigenas-prioridad-en-la-agenda-legislativa-de-nino-morales","status":"publish","type":"post","link":"https:\/\/zonaroja.com.mx\/?p=67019","title":{"rendered":"Pueblos ind\u00edgenas, prioridad en la agenda legislativa de Nino Morales"},"content":{"rendered":"\n<p>Raymundo Morales\/Zona Roja.<\/p>\n\n\n\n<p>Oaxaca de Ju\u00e1rez, Oax., a 5 de abril de 2024.- En el marco de su gira proselitista por la regi\u00f3n Sierra de Flores Mag\u00f3n, el candidato al Senado de la Rep\u00fablica por Oaxaca, Antonino Morales Toledo, reiter\u00f3 que los pueblos ind\u00edgenas ser\u00e1n prioridad en la agenda legislativa que impulsar\u00e1, una vez que gane las elecciones.<\/p>\n\n\n\n<p>Desde Eloxochitl\u00e1n, cuna de los hermanos Flores Mag\u00edn, uno de los fundadores del Partido Morena reconoci\u00f3 la resistencia de las comunidades frente a los embates del neoliberalismo.<\/p>\n\n\n\n<p>Esta semana ha recorrido, adem\u00e1s de Eloxochitl\u00e1n de Flores de Mag\u00f3n, las comunidades de Santa Mar\u00eda La Asunci\u00f3n, San Mateo Yoloxochitl\u00e1n, Santa Mar\u00eda Chilchotla, Santa Cruz Acatepec, San Pedro Ocopetatillo, San Mart\u00edn Toxpalan, San Antonio Nopalera, entre otros.<\/p>\n\n\n\n<p>Morales Toledo enfatiz\u00f3 que a lo largo del tiempo se intent\u00f3 instaurar la idea de que ser parte de un pueblo originario era motivo de verg\u00fcenza, sin embargo, desde la izquierda se ha luchado contra ese racismo y discriminaci\u00f3n.<\/p>\n\n\n\n<p>El candidato morenista resalt\u00f3 los esfuerzos del Presidente Andr\u00e9s Manuel L\u00f3pez Obrador por garantizar la justicia para los pueblos ind\u00edgenas, presentando iniciativas de inclusi\u00f3n.<\/p>\n\n\n\n<p>\u00abNos quisieron vender la idea de que era una verg\u00fcenza ser de un pueblo originario y hablar la lengua ind\u00edgena, pero nosotros hemos resistido el embate del neoliberalismo\u00bb, afirm\u00f3.<\/p>\n\n\n\n<p>El aspirante enfatiz\u00f3 su orgullo por hablar zapoteco y poder transmitirlo a sus hijos, pues es un orgullo haber aprendido la lengua materna de sus progenitores y abuelos.<\/p>\n","protected":false},"excerpt":{"rendered":"<p>Raymundo Morales\/Zona Roja. Oaxaca de Ju\u00e1rez, Oax., a 5 de abril de 2024.- En el&hellip;<\/p>\n","protected":false},"author":2,"featured_media":66324,"comment_status":"closed","ping_status":"open","sticky":false,"template":"","format":"standard","meta":{"_lmt_disableupdate":"","_lmt_disable":"","_jetpack_memberships_contains_paid_content":false,"footnotes":""},"categories":[109,46],"tags":[180],"class_list":["post-67019","post","type-post","status-publish","format-standard","has-post-thumbnail","hentry","category-minuto-a-minuto","category-zona-blanca","tag-antonino-morales-toledo"],"jetpack_featured_media_url":"https:\/\/zonaroja.com.mx\/wp-content\/uploads\/2024\/03\/Antonino-Morales-T.jpg","jetpack_sharing_enabled":true,"_links":{"self":[{"href":"https:\/\/zonaroja.com.mx\/index.php?rest_route=\/wp\/v2\/posts\/67019","targetHints":{"allow":["GET"]}}],"collection":[{"href":"https:\/\/zonaroja.com.mx\/index.php?rest_route=\/wp\/v2\/posts"}],"about":[{"href":"https:\/\/zonaroja.com.mx\/index.php?rest_route=\/wp\/v2\/types\/post"}],"author":[{"embeddable":true,"href":"https:\/\/zonaroja.com.mx\/index.php?rest_route=\/wp\/v2\/users\/2"}],"replies":[{"embeddable":true,"href":"https:\/\/zonaroja.com.mx\/index.php?rest_route=%2Fwp%2Fv2%2Fcomments&post=67019"}],"version-history":[{"count":1,"href":"https:\/\/zonaroja.com.mx\/index.php?rest_route=\/wp\/v2\/posts\/67019\/revisions"}],"predecessor-version":[{"id":67020,"href":"https:\/\/zonaroja.com.mx\/index.php?rest_route=\/wp\/v2\/posts\/67019\/revisions\/67020"}],"wp:featuredmedia":[{"embeddable":true,"href":"https:\/\/zonaroja.com.mx\/index.php?rest_route=\/wp\/v2\/media\/66324"}],"wp:attachment":[{"href":"https:\/\/zonaroja.com.mx\/index.php?rest_route=%2Fwp%2Fv2%2Fmedia&parent=67019"}],"wp:term":[{"taxonomy":"category","embeddable":true,"href":"https:\/\/zonaroja.com.mx\/index.php?rest_route=%2Fwp%2Fv2%2Fcategories&post=67019"},{"taxonomy":"post_tag","embeddable":true,"href":"https:\/\/zonaroja.com.mx\/index.php?rest_route=%2Fwp%2Fv2%2Ftags&post=67019"}],"curies":[{"name":"wp","href":"https:\/\/api.w.org\/{rel}","templated":true}]}}