{"id":67021,"date":"2024-04-05T19:03:36","date_gmt":"2024-04-06T01:03:36","guid":{"rendered":"http:\/\/www.zonaroja.com.mx\/?p=67021"},"modified":"2024-04-05T19:03:37","modified_gmt":"2024-04-06T01:03:37","slug":"con-violencia-morena-va-por-una-eleccion-de-estado-asegura-el-pan","status":"publish","type":"post","link":"https:\/\/zonaroja.com.mx\/?p=67021","title":{"rendered":"Con violencia, Morena va por una elecci\u00f3n de Estado, asegura el PAN"},"content":{"rendered":"\n<p>Yuridiana Sosa\/ Zona Roja.<\/p>\n\n\n\n<p>Oaxaca de Ju\u00e1rez, Oax., 5 de abril de 2024.- La secretaria general del Partido Acci\u00f3n Nacional (PAN),&nbsp; Noem\u00ed Luna Ayala, se\u00f1al\u00f3 que los panistas y la alianza \u201cFuerza y Coraz\u00f3n por M\u00e9xico\u201d, est\u00e1 listos para dar batalla una vez m\u00e1s a una elecci\u00f3n de Estado, y con ello impedir que Morena permanezca en el poder.<\/p>\n\n\n\n<p>&nbsp;En su visita a Oaxaca para promover el voto a favor del PAN, manifest\u00f3 que \u201ca donde llega Morena (a gobernar), llega la destrucci\u00f3n y llega la violencia\u201d, &nbsp;pues a nivel nacional la delincuencia va a la alza, con incrementos en delitos de extorsi\u00f3n, &nbsp;cobro de piso, desaparecidos y desaparecidas.<\/p>\n\n\n\n<p>Durante conferencia de prensa, dijo que es preocupante vivir en un pa\u00eds donde todos los d\u00edas asesinan a 11 mujeres por raz\u00f3n de g\u00e9nero; donde siete de cada 10 mujeres dicen haber sufrido violencia y la violencia hacia la mujer se incrementa.<br>Apunt\u00f3 que en Oaxaca, como en&nbsp; Zacatecas, y otras entidad, el gobierno federal actual se ha robado la paz, desde la plaza p\u00fablica, la universidad y hasta los centros de culto, porque lo mismo asesinan a un delincuente a las 12 de la noche, que a un ni\u00f1o a mediod\u00eda, y lo peor es que los gobiernos, principalmente morenistas,&nbsp; tratan de ocultar esas cifras.<\/p>\n\n\n\n<p>En todo el pa\u00eds, dijo, existe un miedo a los diferentes escenarios por deficiencias en los servicios de salud y educativos; crisis econ\u00f3mica, alza en la inseguridad.<\/p>\n\n\n\n<p>Reflejo de la dif\u00edcil crisis es que se vive una de las campa\u00f1as pol\u00edticas m\u00e1s violentas en los \u00faltimos tiempos, con un saldo de 33 candidatos y candidatas asesinadas; \u201cesto nos indica que el proceso electoral del 2024 va a ser el m\u00e1s violento de la \u00e9poca reciente de M\u00e9xico\u201d, dijo.<\/p>\n\n\n\n<p>PANISMO VALIENTE<\/p>\n\n\n\n<p>Ante ese escenario, dijo que la mejor opci\u00f3n para un cambio en M\u00e9xico son las mujeres candidatas del&nbsp; blanquiazul, quienes asegur\u00f3, &nbsp;\u201cson&nbsp; honestas, no tienen cola que les pisen y no les van a encontrar ning\u00fan caso de corrupci\u00f3n\u201d.<\/p>\n\n\n\n<p>En Oaxaca, asegur\u00f3 Luna Ayala, hay un panismo de pie, valiente, dispuesto a enfrentar el proceso de \u201csuela, sudor y saliva\u201d.<\/p>\n\n\n\n<p>\u201cAunque nos enfrentemos a una elecci\u00f3n de Estado, en la que est\u00e1n metidos los gobiernos entregando despensas, apoyo usando con fines electoreros los programas sociales y en muchos lugares del pa\u00eds usando hasta a la delincuencia organizada\u2026pese a eso vamos a dar la lucha, y estoy segura que con la voluntad ciudadana nuestras candidatas y X\u00f3chitl G\u00e1lvez, para la presidencia de M\u00e9xico, pueden resultar ganadoras y recuperar el rumbo de M\u00e9xico\u201d, expres\u00f3.<\/p>\n\n\n\n<p>Por ello pidi\u00f3 a los oaxaque\u00f1os que valoren las opciones de la alianza Fuerza y Coraz\u00f3n por M\u00e9xico.<\/p>\n\n\n\n<p>Una muestra de la valent\u00eda del PAN y que ha estado para denunciar las malas pr\u00e1cticas electorales, es la denuncia que present\u00f3 la&nbsp; secretaria estatal, Perla Woolrich, contra el gobernador Salom\u00f3n Jara por ejercer violencia meti\u00e9ndose en el proceso electoral.<\/p>\n\n\n\n<p>Por su parte la dirigente estatal sostuvo que tal es el impulso que ha tenido G\u00e1lvez que hay una campa\u00f1a en su contra difundiendo videos antiguos de su hijo en un antro, por lo que resalt\u00f3: \u201cLa ley es clara y la responsabilidad penal no trasciende de una persona a otra y nada tiene que ver X\u00f3chitl en su trayectoria tan limpia y su hijo\u201d.<\/p>\n\n\n\n<p>Sostuvo que en Oaxaca, contrario a lo que digan, desde el PAN \u201cs\u00ed hay oposici\u00f3n, y aunque sea desde este lugar seguir\u00e1 habiendo oposici\u00f3n\u201d.<\/p>\n","protected":false},"excerpt":{"rendered":"<p>Yuridiana Sosa\/ Zona Roja. Oaxaca de Ju\u00e1rez, Oax., 5 de abril de 2024.- La secretaria&hellip;<\/p>\n","protected":false},"author":2,"featured_media":0,"comment_status":"closed","ping_status":"open","sticky":false,"template":"","format":"standard","meta":{"_lmt_disableupdate":"","_lmt_disable":"","_jetpack_memberships_contains_paid_content":false,"footnotes":""},"categories":[109,46],"tags":[],"class_list":["post-67021","post","type-post","status-publish","format-standard","hentry","category-minuto-a-minuto","category-zona-blanca"],"jetpack_featured_media_url":"","jetpack_sharing_enabled":true,"_links":{"self":[{"href":"https:\/\/zonaroja.com.mx\/index.php?rest_route=\/wp\/v2\/posts\/67021","targetHints":{"allow":["GET"]}}],"collection":[{"href":"https:\/\/zonaroja.com.mx\/index.php?rest_route=\/wp\/v2\/posts"}],"about":[{"href":"https:\/\/zonaroja.com.mx\/index.php?rest_route=\/wp\/v2\/types\/post"}],"author":[{"embeddable":true,"href":"https:\/\/zonaroja.com.mx\/index.php?rest_route=\/wp\/v2\/users\/2"}],"replies":[{"embeddable":true,"href":"https:\/\/zonaroja.com.mx\/index.php?rest_route=%2Fwp%2Fv2%2Fcomments&post=67021"}],"version-history":[{"count":1,"href":"https:\/\/zonaroja.com.mx\/index.php?rest_route=\/wp\/v2\/posts\/67021\/revisions"}],"predecessor-version":[{"id":67022,"href":"https:\/\/zonaroja.com.mx\/index.php?rest_route=\/wp\/v2\/posts\/67021\/revisions\/67022"}],"wp:attachment":[{"href":"https:\/\/zonaroja.com.mx\/index.php?rest_route=%2Fwp%2Fv2%2Fmedia&parent=67021"}],"wp:term":[{"taxonomy":"category","embeddable":true,"href":"https:\/\/zonaroja.com.mx\/index.php?rest_route=%2Fwp%2Fv2%2Fcategories&post=67021"},{"taxonomy":"post_tag","embeddable":true,"href":"https:\/\/zonaroja.com.mx\/index.php?rest_route=%2Fwp%2Fv2%2Ftags&post=67021"}],"curies":[{"name":"wp","href":"https:\/\/api.w.org\/{rel}","templated":true}]}}