{"id":67023,"date":"2024-04-05T19:41:35","date_gmt":"2024-04-06T01:41:35","guid":{"rendered":"http:\/\/www.zonaroja.com.mx\/?p=67023"},"modified":"2024-04-05T19:41:36","modified_gmt":"2024-04-06T01:41:36","slug":"denuncian-ante-la-fiscalia-agresion-a-un-adolescente-en-comunidad-de-oaxaca","status":"publish","type":"post","link":"https:\/\/zonaroja.com.mx\/?p=67023","title":{"rendered":"Denuncian ante la Fiscal\u00eda agresi\u00f3n a un adolescente en comunidad de Oaxaca"},"content":{"rendered":"\n<p>Raymundo Morales\/Zona Roja.&nbsp;<\/p>\n\n\n\n<p>Oaxaca de Ju\u00e1rez, Oax., a 05 abril de 2024.- La familia de un menor de edad del municipio de San Juan Guelav\u00eda present\u00f3 una denuncia ante la Fiscal\u00eda General del Estado de Oaxaca (FGEO), por \u201cbullyng\u201d y lesiones que le da\u00f1aron la vista.<\/p>\n\n\n\n<p>De acuerdo con el caso expuesto en las redes sociales, el hecho sucedi\u00f3 en una telesecundaria de la comunidad, donde uno de sus compa\u00f1eros arroj\u00f3 agua de cal en los ojos de la v\u00edctima de 13 a\u00f1os de edad, por lo cual perdi\u00f3 el 90 por ciento de la vista.<\/p>\n\n\n\n<p>Tras ello, la familia pidi\u00f3 apoyo a la sociedad en general, pues el adolescente requiere un trasplante de c\u00f3rnea urgente.<\/p>\n\n\n\n<p>La madre del menor afectado, asegur\u00f3 que ella est\u00e1 corriendo con los gastos, pues se\u00f1al\u00f3 que la familia del agresor no se ha hecho cargo de \u00e9stos.<\/p>\n\n\n\n<p>Ante ello, proporcion\u00f3 el n\u00famero de cuenta Bancoppel 4169160480549816 y n\u00famero telef\u00f3nico 9511495005, para que qui\u00e9nes deseen apoyar lo hagan a trav\u00e9s de estos medios.<\/p>\n\n\n\n<p>INVESTIGAN EL CASO<\/p>\n\n\n\n<p>Tras ello, la Fiscal\u00eda General inici\u00f3 los trabajos ministeriales especializados en justicia para adolescentes, luego de recibir una denuncia penal por la cual se inici\u00f3 la carpeta de investigaci\u00f3n 10415\/FADO\/2024, por el delito de Lesiones, ante la agresi\u00f3n que sufri\u00f3 un menor de edad.<\/p>\n\n\n\n<p>La FGEO tom\u00f3 conocimiento del caso a trav\u00e9s de la Fiscal\u00eda Especializada en Justicia para Adolescentes, para que lleve a cabo las investigaciones correspondientes en un marco de respeto a sus derechos humanos debido a que, de acuerdo con la denuncia, el delito habr\u00eda sido cometido por un adolescente; adem\u00e1s que se atiende de manera integral para garantizar el derecho de acceso a la justicia de la v\u00edctima.<\/p>\n\n\n\n<p>De acuerdo con la denuncia penal realizada por la v\u00edctima (un adolescente de 13 a\u00f1os de edad, cuya identidad est\u00e1 reservada por ley), los hechos ocurrieron el 15 de marzo de 2024 en la telesecundaria de San Juan Guelav\u00eda, cuando realizaba actividades escolares, momento en que le lanzaron a los ojos una sustancia (aparentemente cal), la cual provoc\u00f3 lesiones que ser\u00e1n evaluadas por especialistas forenses.<\/p>\n\n\n\n<p>A partir de la denuncia, la FGEO deriv\u00f3 el caso a Fiscal\u00eda Especializada en Justicia para Adolescentes debido a que, conforme a los se\u00f1alamientos realizados por la v\u00edctima, el probable agresor ser\u00eda adolescente, por lo que se eval\u00faa la situaci\u00f3n jur\u00eddica para brindar los servicios pertinentes.<\/p>\n\n\n\n<p>\u201cLa Fiscal\u00eda de Oaxaca cuenta con equipos especializado en diferentes materias enfocadas a la procuraci\u00f3n de justicia, para que, los procesos se aborden tomando en cuenta las particularidades de las v\u00edctimas y las circunstancias especiales de los probables agresores\u201d.<\/p>\n","protected":false},"excerpt":{"rendered":"<p>Raymundo Morales\/Zona Roja.&nbsp; Oaxaca de Ju\u00e1rez, Oax., a 05 abril de 2024.- La familia de&hellip;<\/p>\n","protected":false},"author":2,"featured_media":0,"comment_status":"closed","ping_status":"open","sticky":false,"template":"","format":"standard","meta":{"_lmt_disableupdate":"","_lmt_disable":"","_jetpack_memberships_contains_paid_content":false,"footnotes":""},"categories":[109,47],"tags":[494],"class_list":["post-67023","post","type-post","status-publish","format-standard","hentry","category-minuto-a-minuto","category-zona-gris","tag-fiscalia-general-del-estado-de-oaxaca"],"jetpack_featured_media_url":"","jetpack_sharing_enabled":true,"_links":{"self":[{"href":"https:\/\/zonaroja.com.mx\/index.php?rest_route=\/wp\/v2\/posts\/67023","targetHints":{"allow":["GET"]}}],"collection":[{"href":"https:\/\/zonaroja.com.mx\/index.php?rest_route=\/wp\/v2\/posts"}],"about":[{"href":"https:\/\/zonaroja.com.mx\/index.php?rest_route=\/wp\/v2\/types\/post"}],"author":[{"embeddable":true,"href":"https:\/\/zonaroja.com.mx\/index.php?rest_route=\/wp\/v2\/users\/2"}],"replies":[{"embeddable":true,"href":"https:\/\/zonaroja.com.mx\/index.php?rest_route=%2Fwp%2Fv2%2Fcomments&post=67023"}],"version-history":[{"count":1,"href":"https:\/\/zonaroja.com.mx\/index.php?rest_route=\/wp\/v2\/posts\/67023\/revisions"}],"predecessor-version":[{"id":67024,"href":"https:\/\/zonaroja.com.mx\/index.php?rest_route=\/wp\/v2\/posts\/67023\/revisions\/67024"}],"wp:attachment":[{"href":"https:\/\/zonaroja.com.mx\/index.php?rest_route=%2Fwp%2Fv2%2Fmedia&parent=67023"}],"wp:term":[{"taxonomy":"category","embeddable":true,"href":"https:\/\/zonaroja.com.mx\/index.php?rest_route=%2Fwp%2Fv2%2Fcategories&post=67023"},{"taxonomy":"post_tag","embeddable":true,"href":"https:\/\/zonaroja.com.mx\/index.php?rest_route=%2Fwp%2Fv2%2Ftags&post=67023"}],"curies":[{"name":"wp","href":"https:\/\/api.w.org\/{rel}","templated":true}]}}