{"id":67028,"date":"2024-04-05T21:20:30","date_gmt":"2024-04-06T03:20:30","guid":{"rendered":"http:\/\/www.zonaroja.com.mx\/?p=67028"},"modified":"2024-04-05T21:20:32","modified_gmt":"2024-04-06T03:20:32","slug":"el-horror-de-la-narcoviolencia-abandonan-7-cuerpos-descuartizados-en-puebla","status":"publish","type":"post","link":"https:\/\/zonaroja.com.mx\/?p=67028","title":{"rendered":"El horror de la narcoviolencia: abandonan 7 cuerpos descuartizados en Puebla"},"content":{"rendered":"\n<p>Redacci\u00f3n\/Zona Roja.<\/p>\n\n\n\n<p>Oaxaca de Ju\u00e1rez, Oax., a 5 de abril de 2024.- El fiscal General del estado de Puebla (FGE), Gilberto Higuera Bernal, inform\u00f3 del hallazgo de siete cuerpos en el interior de un veh\u00edculo que fue abandonado sobre el Perif\u00e9rico Ecol\u00f3gico a la altura de La Guadalupana.<\/p>\n\n\n\n<p>Durante la rueda de prensa que encabez\u00f3 el gobernador Salom\u00f3n C\u00e9spedes Peregrina, el funcionario estatal confirm\u00f3 que la madrugada de este viernes fueron hallados siete cuerpos al interior de un veh\u00edculo abandonado sobre Perif\u00e9rico Ecol\u00f3gico, a la altura de La Guadalupana, de los cuales cinco estaban decapitados y el resto desmembrados, con \u201cnarcomensajes\u201d.<\/p>\n\n\n\n<p>En cada uno de los cuerpos, dijo que hab\u00eda un mensaje escrito en papel, refirieron el motivo de la privaci\u00f3n de la vida.<\/p>\n\n\n\n<p>\u201cLos mensajes indudablemente se refiere a un se\u00f1alamiento de participe de una actividad delictiva, desde narcomenudeo, robo a transporte y extorsi\u00f3n, esa es la referencia que se hace en cada uno de los papeles encontrados en los cuerpos\u201d, refiri\u00f3.<\/p>\n\n\n\n<p>En el conjunto de los hallazgos, visualiz\u00f3 que \u201cpodr\u00eda tratarse, no lo estoy afirmando, que si se trate de al menos no s\u00f3lo de una probable disputa, sino una acci\u00f3n de coordinaci\u00f3n de grupos delictivos sobre personas determinadas con fines de dominaci\u00f3n o reclutamiento\u201d.<\/p>\n\n\n\n<p>En estas horas de investigaci\u00f3n en el caso, adelant\u00f3 que el veh\u00edculo fue colocado en el lugar por dos individuos que viajaban al interior, que cruzaron la vialidad para abordar otro autom\u00f3vil en el que huyeron.<\/p>\n\n\n\n<p>\u201cLa unidad fue denunciado como robada el 30 de marzo, aqu\u00ed en la entidad poblana, fue adquirida y se le asignaron placas del estado, sin embargo, las que portaba eran unas placas de la Ciudad de M\u00e9xico\u201d, inform\u00f3.<\/p>\n\n\n\n<p>Higuera Bernal coment\u00f3 que han localizado videograbaciones del veh\u00edculo que fue robado la semana pasada, para ubicar a los responsables del hecho delictivo.<\/p>\n\n\n\n<p>Asever\u00f3 que la Fiscal\u00eda General del Estado tiene claro que es un caso que se va a esclarecer y se va a proceder contra los responsables, tr\u00e1tese de quien se trate.<\/p>\n\n\n\n<p>\u201cNo tenemos ning\u00fan dato que nos permita afirmar que exista alguna relaci\u00f3n con los hechos registrados d\u00edas antes\u201d, respondi\u00f3 el fiscal, ante la posibilidad de que tengan un v\u00ednculo con el asesinato de la influencer Vielka Pulido y su pareja sentimental, ocurrida el pasado mi\u00e9rcoles.<\/p>\n\n\n\n<p>Aprovech\u00f3 para compartir que en estos \u00faltimos dos eventos \u201cla Fiscal\u00eda est\u00e1 a punto de ejercitar acci\u00f3n penal\u201d para detener a los responsables del doble homicidio.<\/p>\n\n\n\n<p>(Informaci\u00f3n de \u201cLa Jornada!\u201d)<\/p>\n","protected":false},"excerpt":{"rendered":"<p>Redacci\u00f3n\/Zona Roja. Oaxaca de Ju\u00e1rez, Oax., a 5 de abril de 2024.- El fiscal General&hellip;<\/p>\n","protected":false},"author":2,"featured_media":0,"comment_status":"closed","ping_status":"open","sticky":false,"template":"","format":"standard","meta":{"_lmt_disableupdate":"","_lmt_disable":"","_jetpack_memberships_contains_paid_content":false,"footnotes":""},"categories":[109,51],"tags":[1746],"class_list":["post-67028","post","type-post","status-publish","format-standard","hentry","category-minuto-a-minuto","category-zona-roja","tag-violencia-en-mexico"],"jetpack_featured_media_url":"","jetpack_sharing_enabled":true,"_links":{"self":[{"href":"https:\/\/zonaroja.com.mx\/index.php?rest_route=\/wp\/v2\/posts\/67028","targetHints":{"allow":["GET"]}}],"collection":[{"href":"https:\/\/zonaroja.com.mx\/index.php?rest_route=\/wp\/v2\/posts"}],"about":[{"href":"https:\/\/zonaroja.com.mx\/index.php?rest_route=\/wp\/v2\/types\/post"}],"author":[{"embeddable":true,"href":"https:\/\/zonaroja.com.mx\/index.php?rest_route=\/wp\/v2\/users\/2"}],"replies":[{"embeddable":true,"href":"https:\/\/zonaroja.com.mx\/index.php?rest_route=%2Fwp%2Fv2%2Fcomments&post=67028"}],"version-history":[{"count":1,"href":"https:\/\/zonaroja.com.mx\/index.php?rest_route=\/wp\/v2\/posts\/67028\/revisions"}],"predecessor-version":[{"id":67029,"href":"https:\/\/zonaroja.com.mx\/index.php?rest_route=\/wp\/v2\/posts\/67028\/revisions\/67029"}],"wp:attachment":[{"href":"https:\/\/zonaroja.com.mx\/index.php?rest_route=%2Fwp%2Fv2%2Fmedia&parent=67028"}],"wp:term":[{"taxonomy":"category","embeddable":true,"href":"https:\/\/zonaroja.com.mx\/index.php?rest_route=%2Fwp%2Fv2%2Fcategories&post=67028"},{"taxonomy":"post_tag","embeddable":true,"href":"https:\/\/zonaroja.com.mx\/index.php?rest_route=%2Fwp%2Fv2%2Ftags&post=67028"}],"curies":[{"name":"wp","href":"https:\/\/api.w.org\/{rel}","templated":true}]}}