{"id":67031,"date":"2024-04-06T06:48:59","date_gmt":"2024-04-06T12:48:59","guid":{"rendered":"http:\/\/www.zonaroja.com.mx\/?p=67031"},"modified":"2024-04-06T06:49:00","modified_gmt":"2024-04-06T12:49:00","slug":"suspende-mexico-relaciones-con-ecuador-tras-incursion-policiaca-en-embajada","status":"publish","type":"post","link":"https:\/\/zonaroja.com.mx\/?p=67031","title":{"rendered":"Suspende M\u00e9xico relaciones con Ecuador, tras incursi\u00f3n policiaca en embajada"},"content":{"rendered":"\n<p>Redacci\u00f3n\/Zona Roja Cdmx.<\/p>\n\n\n\n<p>Ciudad de M\u00e9xico, a 6 de abril de 2024.- El Presidente Andr\u00e9s Manuel L\u00f3pez Obrador calific\u00f3 como \u201cuna violaci\u00f3n flagrante al derecho internacional y a la soberan\u00eda de M\u00e9xico\u201d el asalto de polic\u00edas de Ecuador a la embajada de nuestro pa\u00eds en la capital Quito.<\/p>\n\n\n\n<p>\u201cPor lo cual le he instruido a nuestra canciller que emita un comunicado sobre este hecho autoritario, proceda de manera legal y de inmediato declare la suspensi\u00f3n de relaciones diplom\u00e1ticas con el gobierno de Ecuador\u201d, public\u00f3 en su cuenta de X (antes Twitter) en la noche de este viernes.<\/p>\n\n\n\n<p>Fuerzas de Ecuador \u2018asaltaron\u2019 la embajada de M\u00e9xico en Quito y se llevaron a Jorge Glas, exvicepresidente de Ecuador y quien estaba tramitando la solicitud de asilo pol\u00edtico bajo el argumento de persecuci\u00f3n.<\/p>\n\n\n\n<p>\u201cLo que estaban buscando (el Gobierno de Ecuador) es que nosotros acept\u00e1ramos que entraran a la embajada o que nosotros les entreg\u00e1ramos al vicepresidente y eso no lo podemos hacer, es una cuesti\u00f3n de principios. La pol\u00edtica exterior de M\u00e9xico se caracteriza por proteger a perseguidos pol\u00edticos\u201d, declar\u00f3 L\u00f3pez Obrador en su \u2018ma\u00f1anera\u2019 de este 5 de abril.<\/p>\n\n\n\n<p>La orden del presidente L\u00f3pez Obrador fue confirmada por la canciller Alicia B\u00e1rcena quien insinu\u00f3 que personal diplom\u00e1tico en la embajada de M\u00e9xico en Ecuador fue lesionado durante el asalto.<\/p>\n\n\n\n<p>\u201cAnte la flagrante violaci\u00f3n de la Convenci\u00f3n de Viena sobre Relaciones Diplom\u00e1ticas (&#8230;) M\u00e9xico anuncia el inmediato rompimiento de relaciones diplom\u00e1ticas con Ecuador\u201d, public\u00f3 en redes sociales.<\/p>\n\n\n\n<p>\u00bfQU\u00c9 PAS\u00d3?<\/p>\n\n\n\n<p>Un grupo de polic\u00edas de Ecuador irrumpi\u00f3 en la Embajada de M\u00e9xico en Quito y se llev\u00f3 detenido al exvicepresidente Jorge Glas, quien se encontraba en la sede diplom\u00e1tica desde diciembre pasado.<\/p>\n\n\n\n<p>La agencia EFE report\u00f3 que varios polic\u00edas treparon las paredes de la sede diplom\u00e1tica de M\u00e9xico en la capital ecuatoriana, que llevaba horas custodiada por militares.<\/p>\n\n\n\n<p>\u201cLo que acaban de ver es un atropello al derecho internacional y a la inviolabilidad de la embajada. Totalmente inaceptable. Esto no puede ser. Es la barbarie. No es posible que violen el recinto diplom\u00e1tico como lo han hecho\u201d, dijo Roberto Canseco, persona encargada de la embajada de M\u00e9xico en Ecuador en declaraciones recogidas por el diario \u201cEl Universo\u201d.<\/p>\n\n\n\n<p>La Secretar\u00eda de Relaciones Exteriores explic\u00f3 que tras la suspensi\u00f3n de relaciones con Ecuador, el personal diplom\u00e1tico de M\u00e9xico \u201cabandonar\u00e1 ese pa\u00eds de inmediato\u201d.<\/p>\n\n\n\n<p>Por ahora se desconoce si ese desalojo se har\u00e1 en la aeronave de las Fuerzas Armadas que el Presidente L\u00f3pez Obrador mand\u00f3 al pa\u00eds sudamericano para recoger a la embajadora Raquel Serur.<\/p>\n\n\n\n<p>\u201cM\u00e9xico espera que Ecuador ofrezca las garant\u00edas necesarias para el abandono del personal mexicano. M\u00e9xico recurrir\u00e1 a la Corte Internacional de Justicia para denunciar la responsabilidad de Ecuador por violaciones al Derecho Internacional\u201d, advirti\u00f3 B\u00e1rcena.<\/p>\n\n\n\n<p>Y a todo esto, \u00bfqu\u00e9 es la Corte Internacional de Justicia? Es el principal \u00f3rgano jur\u00eddico de la Organizaci\u00f3n de las Naciones Unidas (ONU) que se encuentra en La Haya, en los Pa\u00edses Bajos. De acuerdo con su sitio de internet, esta corte se encarga de \u201cdecidir las controversias jur\u00eddicas entre Estados y tambi\u00e9n emite opiniones consultivas sobre cuestiones que pueden someterle \u00f3rganos o instituciones especializadas de la ONU\u201d.<\/p>\n\n\n\n<p>La Corte Internacional de Justicia est\u00e1 conformada por 15 magistrados que cumple periodos de 9 a\u00f1os y son elegidos por la Asamblea General y el Consejo de Seguridad de Naciones Unidas. Entre sus determinaciones m\u00e1s recientes es la que hizo sobre el genocidio de personas palestinas cometido por Israel en la Franja de Gaza.<\/p>\n\n\n\n<p>(Informaci\u00f3n de \u201cEl Financiero\u201d)<\/p>\n","protected":false},"excerpt":{"rendered":"<p>Redacci\u00f3n\/Zona Roja Cdmx. Ciudad de M\u00e9xico, a 6 de abril de 2024.- El Presidente Andr\u00e9s&hellip;<\/p>\n","protected":false},"author":2,"featured_media":0,"comment_status":"closed","ping_status":"open","sticky":false,"template":"","format":"standard","meta":{"_lmt_disableupdate":"","_lmt_disable":"","_jetpack_memberships_contains_paid_content":false,"footnotes":""},"categories":[109,47],"tags":[3897],"class_list":["post-67031","post","type-post","status-publish","format-standard","hentry","category-minuto-a-minuto","category-zona-gris","tag-mexico-relaciones-ecuador"],"jetpack_featured_media_url":"","jetpack_sharing_enabled":true,"_links":{"self":[{"href":"https:\/\/zonaroja.com.mx\/index.php?rest_route=\/wp\/v2\/posts\/67031","targetHints":{"allow":["GET"]}}],"collection":[{"href":"https:\/\/zonaroja.com.mx\/index.php?rest_route=\/wp\/v2\/posts"}],"about":[{"href":"https:\/\/zonaroja.com.mx\/index.php?rest_route=\/wp\/v2\/types\/post"}],"author":[{"embeddable":true,"href":"https:\/\/zonaroja.com.mx\/index.php?rest_route=\/wp\/v2\/users\/2"}],"replies":[{"embeddable":true,"href":"https:\/\/zonaroja.com.mx\/index.php?rest_route=%2Fwp%2Fv2%2Fcomments&post=67031"}],"version-history":[{"count":1,"href":"https:\/\/zonaroja.com.mx\/index.php?rest_route=\/wp\/v2\/posts\/67031\/revisions"}],"predecessor-version":[{"id":67032,"href":"https:\/\/zonaroja.com.mx\/index.php?rest_route=\/wp\/v2\/posts\/67031\/revisions\/67032"}],"wp:attachment":[{"href":"https:\/\/zonaroja.com.mx\/index.php?rest_route=%2Fwp%2Fv2%2Fmedia&parent=67031"}],"wp:term":[{"taxonomy":"category","embeddable":true,"href":"https:\/\/zonaroja.com.mx\/index.php?rest_route=%2Fwp%2Fv2%2Fcategories&post=67031"},{"taxonomy":"post_tag","embeddable":true,"href":"https:\/\/zonaroja.com.mx\/index.php?rest_route=%2Fwp%2Fv2%2Ftags&post=67031"}],"curies":[{"name":"wp","href":"https:\/\/api.w.org\/{rel}","templated":true}]}}