{"id":67050,"date":"2024-04-06T19:51:00","date_gmt":"2024-04-07T01:51:00","guid":{"rendered":"http:\/\/www.zonaroja.com.mx\/?p=67050"},"modified":"2024-04-07T18:18:38","modified_gmt":"2024-04-07T23:18:38","slug":"realizaran-en-oaxaca-conservatorio-sobre-la-migracion","status":"publish","type":"post","link":"https:\/\/zonaroja.com.mx\/?p=67050","title":{"rendered":"Realizar\u00e1n en Oaxaca conversatorio sobre la migraci\u00f3n"},"content":{"rendered":"\n<p>Redacci\u00f3n\/Zona Roja.&nbsp;<\/p>\n\n\n\n<p>Oaxaca de Ju\u00e1rez, Oax. 5 de abril de 2024.- El Congreso de Oaxaca y organizaciones de la sociedad civil invitan al \u201cConversatorio Migratorio\u201d, donde se abordar\u00e1 el fen\u00f3meno de la migraci\u00f3n en el estado, en el pa\u00eds y a nivel mundial.<\/p>\n\n\n\n<p>Los temas a tratar son: Derechos humanos e identidad de los migrantes; el derecho migratorio en Am\u00e9rica del Norte; el derecho a la acci\u00f3n afirmativa; y migraci\u00f3n de los ejidatarios y comuneros de Oaxaca.<\/p>\n\n\n\n<p>\u00c9rika Mat\u00edas, integrante del Instituto Nacional Ind\u00edgena Migrante, y coordinadora estatal de la regi\u00f3n sur de Servicios Integrales Migratorios de Oaxaca (Simigra), inform\u00f3 que el objetivo de este conversatorio es que el p\u00fablico en general y las familias de migrantes conozcan sobre la situaci\u00f3n de quienes dejan sus lugares de origen, as\u00ed como las propuestas de reformas constitucionales en la materia. &nbsp;<\/p>\n\n\n\n<p>La cita es este 9 de abril del presente a\u00f1o, a las 11:00 horas, en la Sala Audiovisual del Congreso de Oaxaca.<\/p>\n\n\n\n<p>Entre las organizaciones civiles organizadoras est\u00e1n la Coalici\u00f3n Nacional para el Desarrollo de los Pueblos Ind\u00edgenas del Sureste de M\u00e9xico (Conadep); la Coordinaci\u00f3n Estatal de los Pueblos de Oaxaca (CEPO); Servicios Integrales Migratorios Regi\u00f3n Oaxaca (Simigra); Instituto Nacional Ind\u00edgena Migrante Binacional (IIM); la Coordinadora de Mujeres de San Jacinto Amilpas (Cagunaa); y la Confederaci\u00f3n Internacional de Mexicanos en el Extranjero (CIME).<\/p>\n","protected":false},"excerpt":{"rendered":"<p>Redacci\u00f3n\/Zona Roja.&nbsp; Oaxaca de Ju\u00e1rez, Oax. 5 de abril de 2024.- El Congreso de Oaxaca&hellip;<\/p>\n","protected":false},"author":2,"featured_media":65705,"comment_status":"closed","ping_status":"open","sticky":false,"template":"","format":"standard","meta":{"_lmt_disableupdate":"","_lmt_disable":"","_jetpack_memberships_contains_paid_content":false,"footnotes":""},"categories":[109,46],"tags":[2743],"class_list":["post-67050","post","type-post","status-publish","format-standard","has-post-thumbnail","hentry","category-minuto-a-minuto","category-zona-blanca","tag-65-legislatura-del-estado-de-oaxaca"],"jetpack_featured_media_url":"https:\/\/zonaroja.com.mx\/wp-content\/uploads\/2024\/02\/Migrantes-migracion.jpg","jetpack_sharing_enabled":true,"_links":{"self":[{"href":"https:\/\/zonaroja.com.mx\/index.php?rest_route=\/wp\/v2\/posts\/67050","targetHints":{"allow":["GET"]}}],"collection":[{"href":"https:\/\/zonaroja.com.mx\/index.php?rest_route=\/wp\/v2\/posts"}],"about":[{"href":"https:\/\/zonaroja.com.mx\/index.php?rest_route=\/wp\/v2\/types\/post"}],"author":[{"embeddable":true,"href":"https:\/\/zonaroja.com.mx\/index.php?rest_route=\/wp\/v2\/users\/2"}],"replies":[{"embeddable":true,"href":"https:\/\/zonaroja.com.mx\/index.php?rest_route=%2Fwp%2Fv2%2Fcomments&post=67050"}],"version-history":[{"count":2,"href":"https:\/\/zonaroja.com.mx\/index.php?rest_route=\/wp\/v2\/posts\/67050\/revisions"}],"predecessor-version":[{"id":67075,"href":"https:\/\/zonaroja.com.mx\/index.php?rest_route=\/wp\/v2\/posts\/67050\/revisions\/67075"}],"wp:featuredmedia":[{"embeddable":true,"href":"https:\/\/zonaroja.com.mx\/index.php?rest_route=\/wp\/v2\/media\/65705"}],"wp:attachment":[{"href":"https:\/\/zonaroja.com.mx\/index.php?rest_route=%2Fwp%2Fv2%2Fmedia&parent=67050"}],"wp:term":[{"taxonomy":"category","embeddable":true,"href":"https:\/\/zonaroja.com.mx\/index.php?rest_route=%2Fwp%2Fv2%2Fcategories&post=67050"},{"taxonomy":"post_tag","embeddable":true,"href":"https:\/\/zonaroja.com.mx\/index.php?rest_route=%2Fwp%2Fv2%2Ftags&post=67050"}],"curies":[{"name":"wp","href":"https:\/\/api.w.org\/{rel}","templated":true}]}}