{"id":67055,"date":"2024-04-07T07:30:57","date_gmt":"2024-04-07T12:30:57","guid":{"rendered":"http:\/\/www.zonaroja.com.mx\/?p=67055"},"modified":"2024-04-07T07:30:58","modified_gmt":"2024-04-07T12:30:58","slug":"un-condenado-por-corrupcion-gota-que-derramo-el-vaso-entre-mexico-y-ecuador","status":"publish","type":"post","link":"https:\/\/zonaroja.com.mx\/?p=67055","title":{"rendered":"Un condenado por corrupci\u00f3n, gota que derram\u00f3 el vaso entre M\u00e9xico y Ecuador"},"content":{"rendered":"\n<p>Redacci\u00f3n\/Zona Roja Cdmx.<\/p>\n\n\n\n<p>Ciudad de M\u00e9xico, a 7 de abril de 2024.- Jorge Glas, origen del conflicto diplom\u00e1tico entre Ecuador y M\u00e9xico, fue vicepresidente durante el gobierno de Rafael Correa entre 2013 y 2017, ha sido condenado dos veces por casos de corrupci\u00f3n y ahora enfrenta nuevos cargos por malversaci\u00f3n de recursos p\u00fablicos.<\/p>\n\n\n\n<p>La primera condena del exvicepresidente se dio a finales de 2017, a seis a\u00f1os, despu\u00e9s de que un tribunal lo declarara culpable de aceptar sobornos de la constructora brasile\u00f1a Odebrecht a cambio de entregarle contratos estatales.<\/p>\n\n\n\n<p>En 2020 fue condenado nuevamente por utilizar dinero de contratistas para financiar campa\u00f1as del movimiento pol\u00edtico de Correa, por lo que recibi\u00f3 una sentencia de ocho a\u00f1os.<\/p>\n\n\n\n<p>Correa -que vive en B\u00e9lgica desde que dej\u00f3 el cargo- fue condenado en el mismo caso.<\/p>\n\n\n\n<p>Ambos pol\u00edticos han alegado durante mucho tiempo que los cargos penales tienen motivaciones pol\u00edticas, una acusaci\u00f3n que los fiscales han negado.<\/p>\n\n\n\n<p>Glas cumpli\u00f3 m\u00e1s de cuatro a\u00f1os de prisi\u00f3n antes de ser liberado en 2022, pero el mismo a\u00f1o fue encarcelado nuevamente, despu\u00e9s de que un tribunal dictaminara que necesitaba cumplir el resto de sus sentencias, aunque sus abogados hab\u00edan solicitado que las cumpliera simult\u00e1neamente y se beneficiara de la libertad condicional.<\/p>\n\n\n\n<p>El exfuncionario de 54 a\u00f1os fue liberado por \u00faltima vez en noviembre de 2022, pero enfrenta nuevos cargos por malversaci\u00f3n de fondos recaudados para ayudar a la reconstrucci\u00f3n de la provincia costera de Manab\u00ed despu\u00e9s de un devastador terremoto en 2016.<\/p>\n\n\n\n<p>Sus abogados apelaron en diciembre la decisi\u00f3n de un juez de enviarlo de nuevo a prisi\u00f3n, argumentando que su vida podr\u00eda estar en peligro, pero la solicitud fue denegada.<\/p>\n\n\n\n<p>M\u00c9XICO LO COBIJABA<\/p>\n\n\n\n<p>El viernes, M\u00e9xico suspendi\u00f3 abruptamente las relaciones bilaterales con Ecuador en una creciente disputa diplom\u00e1tica, despu\u00e9s de que la polic\u00eda ecuatoriana irrumpiera por la fuerza en la embajada de M\u00e9xico en ese pa\u00eds para arrestar a un exvicepresidente acusado de corrupci\u00f3n.<\/p>\n\n\n\n<p>Polic\u00edas fuertemente armados y vestidos con pasamonta\u00f1as incursionaron en la embajada de M\u00e9xico a \u00faltima hora de la noche del viernes para arrestar a Jorge Glas, exvicepresidente de Ecuador, buscado por cargos de corrupci\u00f3n.<\/p>\n\n\n\n<p>Glas estaba en la embajada mexicana desde diciembre, tras solicitar asilo a ese pa\u00eds, el cual le concedi\u00f3 reci\u00e9n el viernes.<\/p>\n\n\n\n<p>Ecuador, que a comienzos de marzo solicit\u00f3 permiso a M\u00e9xico para ingresar a la embajada para detener a Glas, argumenta que la oferta de asilo fue ilegal, porque seg\u00fan el derecho internacional a las personas condenadas no se les debe conceder asilo.<\/p>\n\n\n\n<p>M\u00e9xico, cuyo presidente Andr\u00e9s Manuel L\u00f3pez Obrador suspendi\u00f3 inmediatamente las relaciones con Ecuador tras la redada, dijo que estudi\u00f3 a profundidad el caso de Glas.<\/p>\n\n\n\n<p>TENSI\u00d3N LATINOAMERICANA<\/p>\n\n\n\n<p>El arresto fue la c\u00faspide de una semana de crecientes tensiones entre las dos naciones latinoamericanas, luego de que Quito declarara persona non grata a la embajadora de M\u00e9xico, citando comentarios \u00abdesafortunados\u00bb del izquierdista L\u00f3pez Obrador.<\/p>\n\n\n\n<p>El mandatario mexicano hab\u00eda comparado la violencia relacionada con las elecciones en los dos pa\u00edses, alegando que el asesinato del candidato presidencial ecuatoriano Fernando Villavicencio el a\u00f1o pasado estaba injustamente vinculado con el candidato de izquierda, que posteriormente perdi\u00f3.<\/p>\n\n\n\n<p>L\u00f3pez Obrador culp\u00f3 adem\u00e1s a lo que dijo eran medios corruptos, lo que describi\u00f3 como manipulaci\u00f3n electoral.<\/p>\n\n\n\n<p>Los medios de comunicaci\u00f3n han sido un blanco frecuente de la ira de L\u00f3pez Obrador durante sus casi seis a\u00f1os en el cargo.<\/p>\n\n\n\n<p>LAS REACCIONES<\/p>\n\n\n\n<p>El s\u00e1bado, gobiernos de todo el espectro pol\u00edtico de Am\u00e9rica Latina -incluidos Brasil y Colombia de izquierda, as\u00ed como Argentina y Uruguay de derecha- criticaron duramente el arresto de Glas.<\/p>\n\n\n\n<p>El gobierno de Brasil conden\u00f3 la medida de Ecuador como una \u00abclara violaci\u00f3n\u00bb de las normas internacionales que proh\u00edben tal ataque a una embajada extranjera, mientras que Argentina pidi\u00f3 el cumplimiento de la Convenci\u00f3n de Viena sobre relaciones diplom\u00e1ticas.<\/p>\n\n\n\n<p>\u00bfQU\u00c9 SIGUE?<\/p>\n\n\n\n<p>La Canciller\u00eda mexicana dijo que presentar\u00e1 una denuncia ante la Corte Internacional de Justicia de las Naciones Unidas, mientras que el gobierno del presidente izquierdista colombiano Gustavo Petro anunci\u00f3 que buscar\u00e1 la protecci\u00f3n de Glas ante la Comisi\u00f3n Interamericana de Derechos Humanos, alegando que su derecho al asilo fue violado.<\/p>\n\n\n\n<p>La Organizaci\u00f3n de Estados Americanos, con sede en Washington, pidi\u00f3 convocar a una sesi\u00f3n del Consejo Permanente del organismo para discutir la necesidad de un cumplimiento estricto de los tratados internacionales.<\/p>\n\n\n\n<p>(Reporte de Julia Symmes Cobb, escrito por Nelson Bocanegra en \u201cExpansi\u00f3n Pol\u00edtica)<\/p>\n","protected":false},"excerpt":{"rendered":"<p>Redacci\u00f3n\/Zona Roja Cdmx. Ciudad de M\u00e9xico, a 7 de abril de 2024.- Jorge Glas, origen&hellip;<\/p>\n","protected":false},"author":2,"featured_media":0,"comment_status":"closed","ping_status":"open","sticky":false,"template":"","format":"standard","meta":{"_lmt_disableupdate":"","_lmt_disable":"","_jetpack_memberships_contains_paid_content":false,"footnotes":""},"categories":[109,47],"tags":[],"class_list":["post-67055","post","type-post","status-publish","format-standard","hentry","category-minuto-a-minuto","category-zona-gris"],"jetpack_featured_media_url":"","jetpack_sharing_enabled":true,"_links":{"self":[{"href":"https:\/\/zonaroja.com.mx\/index.php?rest_route=\/wp\/v2\/posts\/67055","targetHints":{"allow":["GET"]}}],"collection":[{"href":"https:\/\/zonaroja.com.mx\/index.php?rest_route=\/wp\/v2\/posts"}],"about":[{"href":"https:\/\/zonaroja.com.mx\/index.php?rest_route=\/wp\/v2\/types\/post"}],"author":[{"embeddable":true,"href":"https:\/\/zonaroja.com.mx\/index.php?rest_route=\/wp\/v2\/users\/2"}],"replies":[{"embeddable":true,"href":"https:\/\/zonaroja.com.mx\/index.php?rest_route=%2Fwp%2Fv2%2Fcomments&post=67055"}],"version-history":[{"count":1,"href":"https:\/\/zonaroja.com.mx\/index.php?rest_route=\/wp\/v2\/posts\/67055\/revisions"}],"predecessor-version":[{"id":67056,"href":"https:\/\/zonaroja.com.mx\/index.php?rest_route=\/wp\/v2\/posts\/67055\/revisions\/67056"}],"wp:attachment":[{"href":"https:\/\/zonaroja.com.mx\/index.php?rest_route=%2Fwp%2Fv2%2Fmedia&parent=67055"}],"wp:term":[{"taxonomy":"category","embeddable":true,"href":"https:\/\/zonaroja.com.mx\/index.php?rest_route=%2Fwp%2Fv2%2Fcategories&post=67055"},{"taxonomy":"post_tag","embeddable":true,"href":"https:\/\/zonaroja.com.mx\/index.php?rest_route=%2Fwp%2Fv2%2Ftags&post=67055"}],"curies":[{"name":"wp","href":"https:\/\/api.w.org\/{rel}","templated":true}]}}