{"id":6706,"date":"2019-12-16T09:00:36","date_gmt":"2019-12-16T15:00:36","guid":{"rendered":"http:\/\/www.zonaroja.com.mx\/?p=6706"},"modified":"2019-12-16T07:17:56","modified_gmt":"2019-12-16T13:17:56","slug":"revela-asf-anomalias-en-el-mecanismo-de-proteccion-a-periodistas","status":"publish","type":"post","link":"https:\/\/zonaroja.com.mx\/?p=6706","title":{"rendered":"Revela ASF anomal\u00edas en el Mecanismo de Protecci\u00f3n a Periodistas"},"content":{"rendered":"\n<p>Redacci\u00f3n\/Zona Roja Cdmx.<\/p>\n\n\n\n<p>Ciudad de M\u00e9xico, 16 de diciembre de\n2019.- Al cierre del a\u00f1o pasado, el fideicomiso de la Secretar\u00eda de Gobernaci\u00f3n\n(SG) del cual se obtiene el dinero para proteger a defensores de derechos\nhumanos y periodistas, enfrent\u00f3 una situaci\u00f3n cr\u00edtica, pues no ten\u00eda recursos\nsuficientes para atender los casos ya registrados en ese momento y los nuevos\nque pudieran presentarse despu\u00e9s, indic\u00f3 la Auditor\u00eda Superior de la Federaci\u00f3n\n(ASF).<\/p>\n\n\n\n<p>De acuerdo con el diario \u201cLa Jornada\u201d,\nen un estudio a la Cuenta P\u00fablica 2018, la entidad fiscalizadora analiz\u00f3\ndiversas fallas y omisiones de dicho fideicomiso, entre ellas que el Mecanismo\nde Protecci\u00f3n al cual financia recibi\u00f3 una gran cantidad de quejas por parte de\nsus usuarios \u2013debido a la aplicaci\u00f3n deficiente de medidas cautelares\u2013 y que no\nse logr\u00f3 acreditar la experiencia y capacidad de sus operadores.<\/p>\n\n\n\n<p>Con respecto al tema de la carencia de\nrecursos suficientes para su operaci\u00f3n, datos oficiales indican que el\nfideicomiso identificado con la clave 10232 termin\u00f3 el a\u00f1o anterior con un\nfondo de tan s\u00f3lo 48 millones 833 mil 443 pesos, que es apenas 35 por ciento de\nlos 129 millones 143 mil 841 pesos que registr\u00f3 como disponibles al 31 de\nagosto de 2019.<\/p>\n\n\n\n<p>A\u00f1ade \u201cLa Jornada\u201d que las\ndisponibilidades del fideicomiso 10232 al cierre de 2018 se consideran\ninsuficientes para continuar atendiendo los compromisos establecidos, m\u00e1s los\nnuevos que se presenten para otorgar medidas de protecci\u00f3n a personas\ndefensoras de derechos humanos y periodistas, alert\u00f3 la ASF en la auditor\u00eda de\ncumplimiento 15-GB.<\/p>\n\n\n\n<p>Adem\u00e1s de la falta de presupuesto\nsuficiente para el Mecanismo \u2013 que actualmente brinda servicios a mil 86\nbeneficiarios, su cifra m\u00e1s alta desde que se cre\u00f3 en 2012\u2013, la auditor\u00eda\ndocument\u00f3 que los activistas y comunicadores que lo utilizan presentaron\nm\u00faltiples quejas por su mal funcionamiento.<\/p>\n\n\n\n<p>Entre las inconformidades m\u00e1s comunes\nreportadas por los usuarios del mecanismo est\u00e1 la falta de confidencialidad, ya\nque recibieron llamadas de extorsi\u00f3n u ofertas no pedidas de instituciones bancarias;\nservicio deficiente de escolta, y falta de oportunidad en la instalaci\u00f3n y\noperaci\u00f3n de equipos de seguridad, como c\u00e1maras y luces.<\/p>\n\n\n\n<p>Asimismo, dijo la ASF, no se acredit\u00f3\nque la entidad fiscalizada supervisara y validara que los servicios prestados\npor el proveedor para otorgar las medidas de protecci\u00f3n del fideicomiso 10232\nse devengaron y cumplieron con las caracter\u00edsticas, especificaciones, t\u00e9rminos\ny condiciones establecidas en el contrato y su anexo.<\/p>\n\n\n\n<p>Sumado a lo anterior, la SG no acredit\u00f3\nque el personal que se desempe\u00f1a en las \u00e1reas encargadas de la atenci\u00f3n a las\nmedidas del Mecanismo de Protecci\u00f3n contara con la experiencia, estudios y\ndem\u00e1s elementos que se informan en los curr\u00edculums de dicho personal, revel\u00f3\n\u201cLa Jornada\u201d.<\/p>\n","protected":false},"excerpt":{"rendered":"<p>Redacci\u00f3n\/Zona Roja Cdmx. Ciudad de M\u00e9xico, 16 de diciembre de 2019.- Al cierre del a\u00f1o&hellip;<\/p>\n","protected":false},"author":2,"featured_media":6707,"comment_status":"closed","ping_status":"open","sticky":false,"template":"","format":"standard","meta":{"_lmt_disableupdate":"","_lmt_disable":"","_jetpack_memberships_contains_paid_content":false,"footnotes":""},"categories":[109,47],"tags":[1149],"class_list":["post-6706","post","type-post","status-publish","format-standard","has-post-thumbnail","hentry","category-minuto-a-minuto","category-zona-gris","tag-mecanismo-de-proteccion-a-periodistas"],"jetpack_featured_media_url":"https:\/\/zonaroja.com.mx\/wp-content\/uploads\/2019\/12\/Violencia-periodistas.jpg","jetpack_sharing_enabled":true,"_links":{"self":[{"href":"https:\/\/zonaroja.com.mx\/index.php?rest_route=\/wp\/v2\/posts\/6706","targetHints":{"allow":["GET"]}}],"collection":[{"href":"https:\/\/zonaroja.com.mx\/index.php?rest_route=\/wp\/v2\/posts"}],"about":[{"href":"https:\/\/zonaroja.com.mx\/index.php?rest_route=\/wp\/v2\/types\/post"}],"author":[{"embeddable":true,"href":"https:\/\/zonaroja.com.mx\/index.php?rest_route=\/wp\/v2\/users\/2"}],"replies":[{"embeddable":true,"href":"https:\/\/zonaroja.com.mx\/index.php?rest_route=%2Fwp%2Fv2%2Fcomments&post=6706"}],"version-history":[{"count":1,"href":"https:\/\/zonaroja.com.mx\/index.php?rest_route=\/wp\/v2\/posts\/6706\/revisions"}],"predecessor-version":[{"id":6708,"href":"https:\/\/zonaroja.com.mx\/index.php?rest_route=\/wp\/v2\/posts\/6706\/revisions\/6708"}],"wp:featuredmedia":[{"embeddable":true,"href":"https:\/\/zonaroja.com.mx\/index.php?rest_route=\/wp\/v2\/media\/6707"}],"wp:attachment":[{"href":"https:\/\/zonaroja.com.mx\/index.php?rest_route=%2Fwp%2Fv2%2Fmedia&parent=6706"}],"wp:term":[{"taxonomy":"category","embeddable":true,"href":"https:\/\/zonaroja.com.mx\/index.php?rest_route=%2Fwp%2Fv2%2Fcategories&post=6706"},{"taxonomy":"post_tag","embeddable":true,"href":"https:\/\/zonaroja.com.mx\/index.php?rest_route=%2Fwp%2Fv2%2Ftags&post=6706"}],"curies":[{"name":"wp","href":"https:\/\/api.w.org\/{rel}","templated":true}]}}