{"id":67061,"date":"2024-04-07T12:00:00","date_gmt":"2024-04-07T17:00:00","guid":{"rendered":"http:\/\/www.zonaroja.com.mx\/?p=67061"},"modified":"2024-04-07T07:43:32","modified_gmt":"2024-04-07T12:43:32","slug":"logra-fiscalia-tres-vinculaciones-a-procesos-contra-presuntos-violadores","status":"publish","type":"post","link":"https:\/\/zonaroja.com.mx\/?p=67061","title":{"rendered":"Logra Fiscal\u00eda tres vinculaciones a procesos contra presuntos violadores"},"content":{"rendered":"\n<p>Redacci\u00f3n\/Zona Roja.&nbsp;<\/p>\n\n\n\n<p>Oaxaca de Ju\u00e1rez, Oax., a 7 de abril de 2024.- Como parte de la estrategia de combate a los delitos cometidos en contra de ni\u00f1as, adolescentes y mujeres, la Fiscal\u00eda General del Estado de Oaxaca (FGEO), a trav\u00e9s de la Vicefiscal\u00eda Regional de la Costa, obtuvo tres vinculaciones a proceso para personas imputadas -en diferentes casos- por los delitos de Violaci\u00f3n agravada y abuso sexual agravado, Equiparado a la violaci\u00f3n, ocurridos en la regi\u00f3n de la Costa.<\/p>\n\n\n\n<p>El primero de los casos sucedi\u00f3 en marzo de 2024, cuando la v\u00edctima (una ni\u00f1a cuya identidad est\u00e1 reservada por ley), se encontraba en un domicilio ubicado en el Barrio de Benito Ju\u00e1rez de San Juan Lachao Nuevo, del distrito de Juquila, sitio en el que fue agredida sexualmente.<\/p>\n\n\n\n<p>Ante estos hechos, la FGEO obtuvo una orden de aprehensi\u00f3n por el delito de Violaci\u00f3n agravada y abuso sexual agravado que se ejecut\u00f3 en contra de A.S.S., quien qued\u00f3 a disposici\u00f3n del Juez que dict\u00f3 auto de vinculaci\u00f3n a proceso e impuso prisi\u00f3n preventiva como medida cautelar y otorg\u00f3 dos meses para el cierre de la investigaci\u00f3n.<\/p>\n\n\n\n<p>El segundo hecho ocurri\u00f3 el 15 de noviembre de 2022, cuando una menor de edad sufri\u00f3 una agresi\u00f3n, conducta que constituye la comisi\u00f3n del delito Equiparado a la violaci\u00f3n, por lo que, familiares de la v\u00edctima presentaron su denuncia ante la Fiscal\u00eda de Oaxaca.<\/p>\n\n\n\n<p>Luego de realizar las investigaciones correspondientes, la FGEO logr\u00f3 vincular a proceso a F.C.S., quedando a disposici\u00f3n del Juez, quien dict\u00f3 auto de vinculaci\u00f3n a proceso e impuso prisi\u00f3n preventiva, adem\u00e1s de otorgar dos meses para el cierre de la investigaci\u00f3n.<\/p>\n\n\n\n<p>El \u00faltimo caso, sucedi\u00f3 en un domicilio particular ubicado en La Crucecita, perteneciente a Santa Mar\u00eda Huatulco, cuando la v\u00edctima fue agredida de manera sexual en diferentes fechas, desde que ten\u00eda cinco a\u00f1os de edad y hasta que cumpli\u00f3 los 15.<\/p>\n\n\n\n<p>En audiencia, el Juzgado de Control dict\u00f3 auto de vinculaci\u00f3n a proceso contra M.R.S., a quien impuso prisi\u00f3n preventiva, adem\u00e1s de otorgar dos meses para el cierre de la investigaci\u00f3n complementaria.<\/p>\n\n\n\n<p>OTRO DETENIDO<\/p>\n\n\n\n<p>En otro caso, la Fiscal\u00eda General ejecut\u00f3 una orden de aprehensi\u00f3n en contra de una persona del sexo masculino identificada como J. J. S. R., por los delitos de violaci\u00f3n agravada y pederastia agravada cometida en agravio de una menor de edad, hechos ocurridos en la regi\u00f3n de los Valles Centrales.<\/p>\n\n\n\n<p>De acuerdo con el expediente penal, los hechos sucedieron el 6 de abril de 2023, cuando la v\u00edctima (una ni\u00f1a cuya identidad est\u00e1 reservada por ley), se encontraba en un domicilio ubicado en Santa Cruz Xoxocotl\u00e1n, cuando sufri\u00f3 una agresi\u00f3n, conducta que, de acuerdo con el C\u00f3digo Penal Vigente en el Estado de Oaxaca, se configura como los delitos de violaci\u00f3n agravada y pederastia agravada.<\/p>\n\n\n\n<p>Cuando la FGEO tom\u00f3 la denuncia, inici\u00f3 las investigaciones correspondientes a trav\u00e9s de la Fiscal\u00eda Especializada para la Atenci\u00f3n a Delitos Contra la Mujer por Raz\u00f3n de G\u00e9nero, que obtuvo una orden de aprehensi\u00f3n, mandato judicial al que se le dio cumplimiento durante un operativo encabezado por la Agencia Estatal de Investigaciones (AEI) que detuvo a J.J.S.R., quien fue puesto a disposici\u00f3n de la autoridad competente para que se determine su situaci\u00f3n jur\u00eddica.<\/p>\n\n\n\n<p>La Fiscal\u00eda del Estado de Oaxaca refrenda su compromiso de brindar una atenci\u00f3n integral a las v\u00edctimas, especialmente cuando se trata de delitos cometidos en contra de ni\u00f1as, ni\u00f1os y adolescentes a efecto de garantizar el derecho a tener una vida libre de violencia.<\/p>\n","protected":false},"excerpt":{"rendered":"<p>Redacci\u00f3n\/Zona Roja.&nbsp; Oaxaca de Ju\u00e1rez, Oax., a 7 de abril de 2024.- Como parte de&hellip;<\/p>\n","protected":false},"author":2,"featured_media":55445,"comment_status":"closed","ping_status":"open","sticky":false,"template":"","format":"standard","meta":{"_lmt_disableupdate":"","_lmt_disable":"","_jetpack_memberships_contains_paid_content":false,"footnotes":""},"categories":[109,46],"tags":[494],"class_list":["post-67061","post","type-post","status-publish","format-standard","has-post-thumbnail","hentry","category-minuto-a-minuto","category-zona-blanca","tag-fiscalia-general-del-estado-de-oaxaca"],"jetpack_featured_media_url":"https:\/\/zonaroja.com.mx\/wp-content\/uploads\/2023\/05\/Agresion-abuso-sexual-menores.webp","jetpack_sharing_enabled":true,"_links":{"self":[{"href":"https:\/\/zonaroja.com.mx\/index.php?rest_route=\/wp\/v2\/posts\/67061","targetHints":{"allow":["GET"]}}],"collection":[{"href":"https:\/\/zonaroja.com.mx\/index.php?rest_route=\/wp\/v2\/posts"}],"about":[{"href":"https:\/\/zonaroja.com.mx\/index.php?rest_route=\/wp\/v2\/types\/post"}],"author":[{"embeddable":true,"href":"https:\/\/zonaroja.com.mx\/index.php?rest_route=\/wp\/v2\/users\/2"}],"replies":[{"embeddable":true,"href":"https:\/\/zonaroja.com.mx\/index.php?rest_route=%2Fwp%2Fv2%2Fcomments&post=67061"}],"version-history":[{"count":1,"href":"https:\/\/zonaroja.com.mx\/index.php?rest_route=\/wp\/v2\/posts\/67061\/revisions"}],"predecessor-version":[{"id":67062,"href":"https:\/\/zonaroja.com.mx\/index.php?rest_route=\/wp\/v2\/posts\/67061\/revisions\/67062"}],"wp:featuredmedia":[{"embeddable":true,"href":"https:\/\/zonaroja.com.mx\/index.php?rest_route=\/wp\/v2\/media\/55445"}],"wp:attachment":[{"href":"https:\/\/zonaroja.com.mx\/index.php?rest_route=%2Fwp%2Fv2%2Fmedia&parent=67061"}],"wp:term":[{"taxonomy":"category","embeddable":true,"href":"https:\/\/zonaroja.com.mx\/index.php?rest_route=%2Fwp%2Fv2%2Fcategories&post=67061"},{"taxonomy":"post_tag","embeddable":true,"href":"https:\/\/zonaroja.com.mx\/index.php?rest_route=%2Fwp%2Fv2%2Ftags&post=67061"}],"curies":[{"name":"wp","href":"https:\/\/api.w.org\/{rel}","templated":true}]}}