{"id":67065,"date":"2024-04-07T12:48:00","date_gmt":"2024-04-07T17:48:00","guid":{"rendered":"http:\/\/www.zonaroja.com.mx\/?p=67065"},"modified":"2024-04-07T07:49:40","modified_gmt":"2024-04-07T12:49:40","slug":"istmo-de-tehuantepec-sera-referencia-para-los-12-polos-industriales","status":"publish","type":"post","link":"https:\/\/zonaroja.com.mx\/?p=67065","title":{"rendered":"Istmo de Tehuantepec ser\u00e1 referencia para los 12 polos industriales"},"content":{"rendered":"\n<p>Redacci\u00f3n\/Zona Roja Cdmx.<\/p>\n\n\n\n<p>Ciudad de M\u00e9xico, a 7 de abril de 2024.- El Istmo de Tehuantepec se convertir\u00e1 en un motor econ\u00f3mico y significativo que contribuir\u00e1 con el 7% del Producto Interno Bruto Nacional para el a\u00f1o 2044, asegur\u00f3 Javier Aguilera Pe\u00f1a, presidente del Consejo de Administraci\u00f3n de ProIstmo.<\/p>\n\n\n\n<p>\u201cCon esta iniciativa se delinea una visi\u00f3n integral colaborativa para transformar el Istmo de Tehuantepec en un motor econ\u00f3mico y significativo\u201d, afirm\u00f3.<\/p>\n\n\n\n<p>Explic\u00f3 que el Polo Industrial del Bienestar (Podebi) Texistepec tendr\u00e1 una extensi\u00f3n de 462 hect\u00e1reas, y estar\u00e1 enfocado a los sectores farmac\u00e9utico, agroindustrial, log\u00edstica y el\u00e9ctrico, siendo las empresas Profarmax y la transportadora Comesa M\u00e9xico las que operar\u00e1n en este polo, mientras que ProIstmo se encarga de la organizaci\u00f3n de los polos industriales.<\/p>\n\n\n\n<p>Destac\u00f3 que la estrategia puesta en marcha por el Presidente Andr\u00e9s Manuel L\u00f3pez Obrador para la regi\u00f3n sur-sureste del pa\u00eds cuenta con el respaldo de inversiones considerables de modernizaci\u00f3n, infraestructura y progreso, que \u201cdemuestran un compromiso firme para lograr un pa\u00eds con igualdad, equidad, justicia social, bienestar, cohesi\u00f3n comunitaria e integraci\u00f3n total\u201d.<\/p>\n\n\n\n<p>Javier Aguilera Pe\u00f1a ocupa un lugar relevante en el desarrollo del Polo de Desarrollo para el Bienestar (Podebi) Texistepec, uno de los 12 polos industriales que a la fecha ha proyectado el Gobierno de M\u00e9xico, como parte del Corredor Interoce\u00e1nico del Istmo de Tehuantepec (CIIT).<\/p>\n\n\n\n<p>Aguilera encabeza la Promotora de Desarrollo de Industria y Bienestar del Istmo de Tehuantepec (ProIstmo), un conglomerado empresarial que se encarga de la construcci\u00f3n del Podebi Texistepec, al sur del estado de Veracruz.<\/p>\n\n\n\n<p>\u00bfQu\u00e9 bondades traer\u00e1 el Polo de Desarrollo para el Bienestar Texistepec?<\/p>\n\n\n\n<p>El directivo destac\u00f3 que durante la etapa de construcci\u00f3n del Podebi Texistepec se generan m\u00e1s de 2,500 empleos directos.<\/p>\n\n\n\n<p>\u201cA trav\u00e9s de esta estrategia de desarrollo, vemos la posibilidad de convertir al Istmo en un ejemplo de c\u00f3mo, la colaboraci\u00f3n del Gobierno, los empresarios y la sociedad pueden generar una transformaci\u00f3n duradera, llev\u00e1ndonos al bienestar a cada rinc\u00f3n de nuestro M\u00e9xico\u201d, indic\u00f3.<\/p>\n\n\n\n<p>\u201cLa implementaci\u00f3n de los Polos de Desarrollo para el Bienestar, del Istmo de Tehuantepec, representa un paso significativo hacia la transformaci\u00f3n y el progreso de nuestro pa\u00eds\u201d, a\u00f1adi\u00f3.<\/p>\n\n\n\n<p>De los 12 polos industriales que se tienen proyectados seis de ellos se ubican en territorio del estado de Oaxaca, cuatro en Veracruz y dos en Chiapas, en donde se impulsar\u00e1n 11 sectores industriales.<\/p>\n\n\n\n<p>El Polo Industrial Texistepec es el segundo m\u00e1s grande de los 12 corredores industriales contemplados.<\/p>\n\n\n\n<p>Para la construcci\u00f3n de este desarrollo industrial se destina una inversi\u00f3n de 1,869 millones de pesos para los trabajos de urbanizaci\u00f3n durante los dos primeros a\u00f1os de las obras, 15 millones para el desarrollo del entorno y 14,000 millones para la construcci\u00f3n de los Polos Industriales.<\/p>\n\n\n\n<p>(Informaci\u00f3n de \u201cExpansi\u00f3n Pol\u00edtica\u201d)<\/p>\n","protected":false},"excerpt":{"rendered":"<p>Redacci\u00f3n\/Zona Roja Cdmx. Ciudad de M\u00e9xico, a 7 de abril de 2024.- El Istmo de&hellip;<\/p>\n","protected":false},"author":2,"featured_media":55049,"comment_status":"closed","ping_status":"open","sticky":false,"template":"","format":"standard","meta":{"_lmt_disableupdate":"","_lmt_disable":"","_jetpack_memberships_contains_paid_content":false,"footnotes":""},"categories":[109,46],"tags":[3763],"class_list":["post-67065","post","type-post","status-publish","format-standard","has-post-thumbnail","hentry","category-minuto-a-minuto","category-zona-blanca","tag-corredor-interoceanico-del-istmo-de-tehuantepec"],"jetpack_featured_media_url":"https:\/\/zonaroja.com.mx\/wp-content\/uploads\/2023\/05\/Corredor-Interoceanico-del-Istmo-Oaxaca.png","jetpack_sharing_enabled":true,"_links":{"self":[{"href":"https:\/\/zonaroja.com.mx\/index.php?rest_route=\/wp\/v2\/posts\/67065","targetHints":{"allow":["GET"]}}],"collection":[{"href":"https:\/\/zonaroja.com.mx\/index.php?rest_route=\/wp\/v2\/posts"}],"about":[{"href":"https:\/\/zonaroja.com.mx\/index.php?rest_route=\/wp\/v2\/types\/post"}],"author":[{"embeddable":true,"href":"https:\/\/zonaroja.com.mx\/index.php?rest_route=\/wp\/v2\/users\/2"}],"replies":[{"embeddable":true,"href":"https:\/\/zonaroja.com.mx\/index.php?rest_route=%2Fwp%2Fv2%2Fcomments&post=67065"}],"version-history":[{"count":1,"href":"https:\/\/zonaroja.com.mx\/index.php?rest_route=\/wp\/v2\/posts\/67065\/revisions"}],"predecessor-version":[{"id":67066,"href":"https:\/\/zonaroja.com.mx\/index.php?rest_route=\/wp\/v2\/posts\/67065\/revisions\/67066"}],"wp:featuredmedia":[{"embeddable":true,"href":"https:\/\/zonaroja.com.mx\/index.php?rest_route=\/wp\/v2\/media\/55049"}],"wp:attachment":[{"href":"https:\/\/zonaroja.com.mx\/index.php?rest_route=%2Fwp%2Fv2%2Fmedia&parent=67065"}],"wp:term":[{"taxonomy":"category","embeddable":true,"href":"https:\/\/zonaroja.com.mx\/index.php?rest_route=%2Fwp%2Fv2%2Fcategories&post=67065"},{"taxonomy":"post_tag","embeddable":true,"href":"https:\/\/zonaroja.com.mx\/index.php?rest_route=%2Fwp%2Fv2%2Ftags&post=67065"}],"curies":[{"name":"wp","href":"https:\/\/api.w.org\/{rel}","templated":true}]}}