{"id":67071,"date":"2024-04-07T15:59:00","date_gmt":"2024-04-07T20:59:00","guid":{"rendered":"http:\/\/www.zonaroja.com.mx\/?p=67071"},"modified":"2024-04-07T08:03:56","modified_gmt":"2024-04-07T13:03:56","slug":"principal-hospital-de-gaza-reducido-a-cenizas-oms","status":"publish","type":"post","link":"https:\/\/zonaroja.com.mx\/?p=67071","title":{"rendered":"Principal hospital de Gaza, reducido a cenizas: OMS"},"content":{"rendered":"\n<p>Redacci\u00f3n\/Zona Roja Cdmx.<\/p>\n\n\n\n<p>Ciudad de M\u00e9xico, a 7 de abril de 2024.- La Organizaci\u00f3n Mundial de la Salud (OMS) afirm\u00f3 este s\u00e1bado que la \u00faltima operaci\u00f3n militar israel\u00ed en el principal hospital de la Franja de Gaza la redujo a cenizas y que el asedio dej\u00f3 \u00abun cascar\u00f3n vac\u00edo\u00bb con muchos cad\u00e1veres.<\/p>\n\n\n\n<p>Una delegaci\u00f3n de la OMS visit\u00f3 el viernes las instalaciones y describi\u00f3 un panorama desgarrador. La agencia de la ONU report\u00f3 que hab\u00eda cuerpos parcialmente enterrados, con miembros expuestos y un tenaz olor a putrefacci\u00f3n.<\/p>\n\n\n\n<p>El ej\u00e9rcito israel\u00ed se retir\u00f3 el lunes del hospital Al Shifa, situado en Ciudad de Gaza, tras una operaci\u00f3n de dos semanas que seg\u00fan el cuerpo armado, ten\u00eda el objetivo de buscar a \u00abcombatientes\u00bb del movimiento islamista palestino Hamas dentro de las instalaciones.<\/p>\n\n\n\n<p>El centro hospitalario es el m\u00e1s importante del territorio palestino, gobernado por Hamas desde 2007.<\/p>\n\n\n\n<p>La misi\u00f3n de la OMS describi\u00f3 una destrucci\u00f3n generalizada y escuch\u00f3 reportes de que los pacientes estuvieron retenidos en condiciones \u00abespantosas\u00bb, y que varios murieron durante el asedio.<\/p>\n\n\n\n<p>\u00abLa OMS y sus asociados consiguieron llegar a Al Shifa, que fue la columna vertebral del sistema de salud en Gaza y que ahora es un cascar\u00f3n vac\u00edo con tumbas humanas tras el \u00faltimo asedio\u00bb, escribi\u00f3 en X el director de la OMS, Tedros Adhanom Ghebreyesus.<\/p>\n\n\n\n<p>La OMS inform\u00f3 en un comunicado que no quedan pacientes en el hospital, donde hay \u00abnumerosas tumbas poco profundas\u00bb cavadas fuera del servicio de urgencias y de los edificios de cirug\u00eda y de administraci\u00f3n.<\/p>\n\n\n\n<p>\u00abMuchos cad\u00e1veres estaban enterrados parcialmente, con las extremidades a la vista\u00bb, indic\u00f3 la OMS, que report\u00f3 que su personal vio \u00abal menos cinco cuerpos que yac\u00edan parcialmente cubiertos en el suelo, expuestos al calor\u00bb.<\/p>\n\n\n\n<p>\u00abEl equipo inform\u00f3 que hay un penetrante olor de cuerpos en descomposici\u00f3n que envuelve el recinto del hospital\u00bb, agreg\u00f3 la organizaci\u00f3n, que destac\u00f3 que la salvaguarda de \u00abla dignidad, incluso en la muerte, es un acto indispensable de humanidad\u00bb.<\/p>\n\n\n\n<p>La misi\u00f3n se llev\u00f3 a cabo en colaboraci\u00f3n con otras agencias de la ONU y con el director en funciones del hospital.<\/p>\n\n\n\n<p>La delegaci\u00f3n constat\u00f3 que \u00abla magnitud de la devastaci\u00f3n\u00bb dej\u00f3 las instalaciones inoperativas.<\/p>\n\n\n\n<p>\u00abLa mayor\u00eda de los edificios del complejo hospitalario est\u00e1n muy destruidos y la mayor\u00eda de los equipos da\u00f1ados o reducidos a cenizas\u00bb, dijo Tedros.<\/p>\n\n\n\n<p>El conflicto estall\u00f3 por el ataque de comandos del movimiento islamista palestino en el sur de Israel el 7 de octubre, en el que mataron a 1.170 personas, en su mayor\u00eda civiles, seg\u00fan un c\u00f3mputo de la AFP basado en datos oficiales israel\u00edes.<\/p>\n\n\n\n<p>Tambi\u00e9n capturaron a m\u00e1s de 250 personas, de las cuales 129 siguen retenidas en Gaza, incluidas 34 que habr\u00edan fallecido, seg\u00fan las autoridades israel\u00edes.<\/p>\n\n\n\n<p>La ofensiva a\u00e9rea y terrestre lanzada por Israel en represalia ya dej\u00f3 al menos 33.137 muertos, sobre todo civiles, seg\u00fan el Ministerio de Salud del gobierno de Hamas en Gaza.<\/p>\n\n\n\n<p>(Informaci\u00f3n de la agencia AFP en \u201cLa Jornada\u201d)<\/p>\n","protected":false},"excerpt":{"rendered":"<p>Redacci\u00f3n\/Zona Roja Cdmx. Ciudad de M\u00e9xico, a 7 de abril de 2024.- La Organizaci\u00f3n Mundial&hellip;<\/p>\n","protected":false},"author":2,"featured_media":61394,"comment_status":"closed","ping_status":"open","sticky":false,"template":"","format":"standard","meta":{"_lmt_disableupdate":"","_lmt_disable":"","_jetpack_memberships_contains_paid_content":false,"footnotes":""},"categories":[109,47],"tags":[2668],"class_list":["post-67071","post","type-post","status-publish","format-standard","has-post-thumbnail","hentry","category-minuto-a-minuto","category-zona-gris","tag-conflicto-gaza-israel"],"jetpack_featured_media_url":"https:\/\/zonaroja.com.mx\/wp-content\/uploads\/2023\/10\/Hospital-Gaza-ataque-Israel.jpeg","jetpack_sharing_enabled":true,"_links":{"self":[{"href":"https:\/\/zonaroja.com.mx\/index.php?rest_route=\/wp\/v2\/posts\/67071","targetHints":{"allow":["GET"]}}],"collection":[{"href":"https:\/\/zonaroja.com.mx\/index.php?rest_route=\/wp\/v2\/posts"}],"about":[{"href":"https:\/\/zonaroja.com.mx\/index.php?rest_route=\/wp\/v2\/types\/post"}],"author":[{"embeddable":true,"href":"https:\/\/zonaroja.com.mx\/index.php?rest_route=\/wp\/v2\/users\/2"}],"replies":[{"embeddable":true,"href":"https:\/\/zonaroja.com.mx\/index.php?rest_route=%2Fwp%2Fv2%2Fcomments&post=67071"}],"version-history":[{"count":1,"href":"https:\/\/zonaroja.com.mx\/index.php?rest_route=\/wp\/v2\/posts\/67071\/revisions"}],"predecessor-version":[{"id":67072,"href":"https:\/\/zonaroja.com.mx\/index.php?rest_route=\/wp\/v2\/posts\/67071\/revisions\/67072"}],"wp:featuredmedia":[{"embeddable":true,"href":"https:\/\/zonaroja.com.mx\/index.php?rest_route=\/wp\/v2\/media\/61394"}],"wp:attachment":[{"href":"https:\/\/zonaroja.com.mx\/index.php?rest_route=%2Fwp%2Fv2%2Fmedia&parent=67071"}],"wp:term":[{"taxonomy":"category","embeddable":true,"href":"https:\/\/zonaroja.com.mx\/index.php?rest_route=%2Fwp%2Fv2%2Fcategories&post=67071"},{"taxonomy":"post_tag","embeddable":true,"href":"https:\/\/zonaroja.com.mx\/index.php?rest_route=%2Fwp%2Fv2%2Ftags&post=67071"}],"curies":[{"name":"wp","href":"https:\/\/api.w.org\/{rel}","templated":true}]}}