{"id":67083,"date":"2024-04-08T08:30:00","date_gmt":"2024-04-08T13:30:00","guid":{"rendered":"http:\/\/www.zonaroja.com.mx\/?p=67083"},"modified":"2024-04-10T21:33:27","modified_gmt":"2024-04-11T02:33:27","slug":"opinion-debate-de-presidenciables-chismes-y-mas-de-lo-mismo","status":"publish","type":"post","link":"https:\/\/zonaroja.com.mx\/?p=67083","title":{"rendered":"Opini\u00f3n. Debate de presidenciables: chismes y m\u00e1s de lo mismo"},"content":{"rendered":"\n<p>Ismael Garc\u00eda M.\/Zona Roja.<\/p>\n\n\n\n<p>Oaxaca de Ju\u00e1rez, Oax., a 8 de abril de 2024.- \u00bfQui\u00e9n gan\u00f3 el debate? Da igual, pues las dos candidatas y el candidato a la Presidencia de M\u00e9xico aseguraron, apenas terminado el acto pol\u00edtico, que superaron a sus respectivos rivales.<\/p>\n\n\n\n<p>En realidad cualquiera puede decir lo mismo porque es un arma pol\u00edtico-propagand\u00edstica, pero eso no cambia mucho la percepci\u00f3n que ya tienen los mexicanos de Claudia Sheinbaum, X\u00f3chitl G\u00e1lvez y Jorge \u00c1lvarez Maynez.<\/p>\n\n\n\n<p>Este \u00faltimo, por cierto, es muy probable que decline por alguna de las dos, pues le servir\u00eda m\u00e1s a una de las candidatas los mil votos que obtenga, que quedarse hasta el final de la contienda.<\/p>\n\n\n\n<p>El caso es que el primer debate presidencial, organizado por el Instituto Nacional Electoral, no fue nada diferente a los que han sucedido en a\u00f1os atr\u00e1s.<\/p>\n\n\n\n<p>Fue acartonado, con un gui\u00f3n bastante r\u00edgido y con una lucha de lodo de todos entre todos. De acusaciones al por mayor, y de propuestas en segundo plano. \u00bfQui\u00e9n perdi\u00f3? La sociedad mexicana, que se qued\u00f3 esperando un intercambio positivo de ideas, una serie de propuestas para mejorar las condiciones sociales y econ\u00f3micas del pa\u00eds. Pero nada.<\/p>\n\n\n\n<p>FACTOR AMLO<\/p>\n\n\n\n<p>En t\u00e9rminos generales, sigue pesando el nombre de Andr\u00e9s Manuel L\u00f3pez Obrador y es natura, l\u00f3gico. Pero que todo ruede en torno al Presidente de M\u00e9xico ya es una exageraci\u00f3n.<\/p>\n\n\n\n<p>Los hijos del mandatario y sus presuntos actos de corrupci\u00f3n con sus amigos empresarios; el Tren Maya, la refiner\u00eda de Tabasco, el Aeropuerto Internacional \u201cFelipe \u00c1ngeles\u201d, la inseguridad y el crimen organizado; las d\u00e1divas a trav\u00e9s de los programas sociales.<\/p>\n\n\n\n<p>Las declaraciones pol\u00edticas y las sanciones que le ha impuesto la autoridad electoral al tabasque\u00f1o por atacar a G\u00e1lvez.&nbsp;<\/p>\n\n\n\n<p>En torno a ello rond\u00f3 el supuesto debate; una defendiendo y otros atacando; una alabando, otros criticando.&nbsp;<\/p>\n\n\n\n<p>En los \u00faltimos ocho meses que le quedan de gobierno, L\u00f3pez Obrador seguir\u00e1 siendo el eje del discurso nacional, aunque ya en declive y con cada vez m\u00e1s se\u00f1alamientos de actos de corrupci\u00f3n y de mala administraci\u00f3n.<\/p>\n\n\n\n<p>Pese a ello, a\u00fan cuenta con amplio respaldo popular pues, por ejemplo, de acuerdo con el m\u00e1s reciente sondeo del diario \u201cEl Financiero\u201d, a dos meses de que se lleven a cabo las elecciones federales, el Presidente registra 58 por ciento de aprobaci\u00f3n ciudadana a su trabajo y 41 por ciento de desaprobaci\u00f3n.<\/p>\n\n\n\n<p>\u201cSeg\u00fan el estudio, el respaldo popular al mandatario tuvo una variaci\u00f3n de dos puntos con respecto del mes anterior y por segundo mes consecutivo, luego de que en enero pasado registrara 54 por ciento de aprobaci\u00f3n\u201d, refiere el rotativo.<\/p>\n\n\n\n<p>CLAUDIA SHEINBAUM<\/p>\n\n\n\n<p>Pero el nombre y la figura de L\u00f3pez Obrador seguir\u00e1 siendo una pesada losa para Claudia Sheinbaum, quien lleva un a\u00f1o en campa\u00f1a pol\u00edtica, desde que era mandataria de la Ciudad de M\u00e9xico.<\/p>\n\n\n\n<p>Y desde entonces no ha podido, en absoluto, quitarse de encima la figura presidencial, desde que mucho antes de las \u201cencuestas\u201d para elegir al postulado por Morena, ya se sab\u00eda que ser\u00eda Claudia.<\/p>\n\n\n\n<p>El dedo presidencial de L\u00f3pez Obrador ya la ten\u00eda marcada y as\u00ed se dio la imposici\u00f3n, por encima de mejores cartas como, por ejemplo, Marcelo Ebrard.&nbsp;<\/p>\n\n\n\n<p>La operaci\u00f3n \u201ccicatriz\u201d vino luego, aunque incompleta, pues otro de los aspirantes, Ad\u00e1n Augusto L\u00f3pez, opt\u00f3 por otro derrotero pol\u00edtico, en lugar de sumarse a la campa\u00f1a electoral de la ex jefa de Gobierno.<\/p>\n\n\n\n<p>Le queda poco menos de dos meses a Claudia para dar un giro a su oferta pol\u00edtica y a su campa\u00f1a, e incluso deber\u00e1 deslindarse paulatinamente de Obrador.<\/p>\n\n\n\n<p>De lo contrario seguir\u00e1 siendo la candidata oficial del Palacio Nacional y, por supuesto, seguir\u00e1 cargando con los negativos de Andr\u00e9s Manuel, que continuar\u00e1n creciendo a medida que termine su sexenio.&nbsp;<\/p>\n\n\n\n<p>X\u00d3CHITL G\u00c1LVEZ<\/p>\n\n\n\n<p>\u201cM\u00e9xico tendr\u00e1 una presidenta ind\u00edgena\u201d, afirm\u00f3 X\u00f3chitl G\u00e1lvez Ruiz al t\u00e9rmino del supuesto debate de este domingo.<\/p>\n\n\n\n<p>Puede ser, pero la hidalguense y senadora con licencia no ha podido quitarse la marca anti AMLO para presentarse como una figura pol\u00edtica aut\u00e9ntica, no contestataria, sino propositiva.<\/p>\n\n\n\n<p>Lo que llama la atenci\u00f3n es que tiene menor tiempo en campa\u00f1a y su principal impulsor ha sido Andr\u00e9s Manuel L\u00f3pez Obrador, desde que le neg\u00f3 derechos de r\u00e9plica y desde que fue mencionada de manera constante en las conferencias matutinas del Presidente.<\/p>\n\n\n\n<p>Pr\u00e1cticamente su figura pol\u00edtica parti\u00f3 de ah\u00ed, a pesar de que la empresaria y ex funcionaria de Vicente Fox ya tra\u00eda una trayectoria propia y ha crecido paulatinamente.<\/p>\n\n\n\n<p>Pero tambi\u00e9n la marca L\u00f3pez Obrador puede ser la tumba de X\u00f3chitl, pues la persistente focalizaci\u00f3n de su discurso contra el Presidente podr\u00eda estarle minando votos.<\/p>\n\n\n\n<p>Sus asesores le aseguran que atacar a AMLO es golpear a Claudia Sheinbaum, pero puede ser contraproducente.<\/p>\n\n\n\n<p>Lo cierto es que la aspirante del PRI-PRD-PAN deber\u00e1 reconfigurar su estrategia si quiere revertir las tendencias de las encuestas \u2014que, por supuesto, favorecen a quienes las pagan\u2014 para ganar m\u00e1s adeptos.<\/p>\n\n\n\n<p>Lo cierto es tambi\u00e9n que Morena carga a cuestas una pesada losa de corrupci\u00f3n y de decisiones verticales, sujetas todas a Obrador. Lo cierto es que el Presidente va en declive y esa oportunidad deber\u00e1 aprovechar G\u00e1lvez para alcanzar a m\u00e1s electores.<\/p>\n\n\n\n<p>\u00bfQUI\u00c9N ES MAYNEZ?<\/p>\n\n\n\n<p>Jorge \u00c1lvarez Maynez no exist\u00eda pol\u00edticamente, hasta que al gobernador de Nuevo L\u00e9on, Samuel Garc\u00eda, le fue impedido ser candidato presidencial. No hab\u00eda otro u otra para postular, pues el due\u00f1o de Movimiento Ciudadano, Dante Delgado, no tiene m\u00e1s opciones.<\/p>\n\n\n\n<p>As\u00ed que pr\u00e1cticamente sali\u00f3 de la chistera y hoy no es nadie; \u00c1lvarez Maynez no tiene ni cinco por ciento de las preferencias electorales y los militantes de ese partido pol\u00edtico son muy escasos en todo el pa\u00eds.&nbsp;<\/p>\n\n\n\n<p>As\u00ed que s\u00f3lo tiene dos caminos, declinar a favor de alguna de las candidatas \u2014que ya perfil\u00f3 a favor de Claudia\u2014 o regresar al ostracismo\u2026 y a la vida disipada con su compadre Samuel.<\/p>\n\n\n\n<p>SER\u00c1 MUJER<\/p>\n\n\n\n<p>M\u00e9xico tendr\u00e1 por primera vez en su historia a una mujer Presidenta. S\u00ed, pero quien sea deber\u00e1 cambiar diametralmente su discurso y sus propuestas.&nbsp;<\/p>\n\n\n\n<p>Deber\u00e1n considerar, ya, un alto a las diatribas, chismes, ataques, se\u00f1alamientos, aunque digan que forman parte de las campa\u00f1as electorales.<\/p>\n\n\n\n<p>Deber\u00e1n proponer que quieren para el pa\u00eds; qu\u00e9 rumbo seguimos o hacia d\u00f3nde viramos.<\/p>\n\n\n\n<p>Pero lo m\u00e1s importante, \u00bfqu\u00e9 ofrecen a las y los mexicanos, ante un pa\u00eds sumido en la inseguridad y con un crimen organizado que se extiende cada vez m\u00e1s y m\u00e1s? \u00bfQu\u00e9 ofrecen para acabar con la desigualdad social, porque los millonarios cada vez son m\u00e1s multimillonarios y los pobres cada vez m\u00e1s pobres? \u00bfLe vamos a seguir dando abrazos a los delincuentes? O los enfrentamos.<\/p>\n\n\n\n<p>Los debates electorales sirven para los reflectores medi\u00e1ticos de las y el candidato pero no m\u00e1s. Sirven para sacar desahogar frustraciones y para seguir dividiendo al pa\u00eds. Pero no tienen nada de confrontaci\u00f3n civilizada y propositiva.<\/p>\n","protected":false},"excerpt":{"rendered":"<p>Ismael Garc\u00eda M.\/Zona Roja. Oaxaca de Ju\u00e1rez, Oax., a 8 de abril de 2024.- \u00bfQui\u00e9n&hellip;<\/p>\n","protected":false},"author":2,"featured_media":41735,"comment_status":"closed","ping_status":"open","sticky":false,"template":"","format":"standard","meta":{"_lmt_disableupdate":"","_lmt_disable":"","_jetpack_memberships_contains_paid_content":false,"footnotes":""},"categories":[456,109,48],"tags":[1353],"class_list":["post-67083","post","type-post","status-publish","format-standard","has-post-thumbnail","hentry","category-columna","category-minuto-a-minuto","category-zona-critica","tag-opinion-zona-critica"],"jetpack_featured_media_url":"https:\/\/zonaroja.com.mx\/wp-content\/uploads\/2022\/05\/Opinion-Ismael-Garcia-M.jpg","jetpack_sharing_enabled":true,"_links":{"self":[{"href":"https:\/\/zonaroja.com.mx\/index.php?rest_route=\/wp\/v2\/posts\/67083","targetHints":{"allow":["GET"]}}],"collection":[{"href":"https:\/\/zonaroja.com.mx\/index.php?rest_route=\/wp\/v2\/posts"}],"about":[{"href":"https:\/\/zonaroja.com.mx\/index.php?rest_route=\/wp\/v2\/types\/post"}],"author":[{"embeddable":true,"href":"https:\/\/zonaroja.com.mx\/index.php?rest_route=\/wp\/v2\/users\/2"}],"replies":[{"embeddable":true,"href":"https:\/\/zonaroja.com.mx\/index.php?rest_route=%2Fwp%2Fv2%2Fcomments&post=67083"}],"version-history":[{"count":1,"href":"https:\/\/zonaroja.com.mx\/index.php?rest_route=\/wp\/v2\/posts\/67083\/revisions"}],"predecessor-version":[{"id":67084,"href":"https:\/\/zonaroja.com.mx\/index.php?rest_route=\/wp\/v2\/posts\/67083\/revisions\/67084"}],"wp:featuredmedia":[{"embeddable":true,"href":"https:\/\/zonaroja.com.mx\/index.php?rest_route=\/wp\/v2\/media\/41735"}],"wp:attachment":[{"href":"https:\/\/zonaroja.com.mx\/index.php?rest_route=%2Fwp%2Fv2%2Fmedia&parent=67083"}],"wp:term":[{"taxonomy":"category","embeddable":true,"href":"https:\/\/zonaroja.com.mx\/index.php?rest_route=%2Fwp%2Fv2%2Fcategories&post=67083"},{"taxonomy":"post_tag","embeddable":true,"href":"https:\/\/zonaroja.com.mx\/index.php?rest_route=%2Fwp%2Fv2%2Ftags&post=67083"}],"curies":[{"name":"wp","href":"https:\/\/api.w.org\/{rel}","templated":true}]}}