{"id":67085,"date":"2024-04-08T10:20:08","date_gmt":"2024-04-08T15:20:08","guid":{"rendered":"http:\/\/www.zonaroja.com.mx\/?p=67085"},"modified":"2024-04-08T10:20:10","modified_gmt":"2024-04-08T15:20:10","slug":"edil-morenista-de-tuxtepec-busca-retardar-rescate-de-rio-santo-domingo","status":"publish","type":"post","link":"https:\/\/zonaroja.com.mx\/?p=67085","title":{"rendered":"Edil morenista de Tuxtepec busca retardar rescate de r\u00edo \u201cSanto Domingo\u201d"},"content":{"rendered":"\n<p>Redacci\u00f3n\/Zona Roja. Foto: Archivo<\/p>\n\n\n\n<p>Oaxaca de Ju\u00e1rez, Oax., a 8 de abril de 2024.- El presidente municipal de San Juan Bautista Tuxtepec, Irineo Molina, interpuso un recurso de revisi\u00f3n contra la sentencia del juicio de amparo 783\/2022 de 23 de febrero de 2024, emitida por el Juez XI de Distrito Oaxaca que le ordena, de manera urgente, intervenir en el rescate del r\u00edo \u201cSanto Domingo\u201d, afluente del r\u00edo \u201cPapaloapan\u201d y con ello, retardar\u00e1 por dos a\u00f1os el rescate del recurso h\u00eddrico.<\/p>\n\n\n\n<p>En la sentencia de 23 de febrero de 2024, el Juez federal ampar\u00f3 a Federico Cohetero Montor y tres personas ind\u00edgenas que se quejaron de la contaminaci\u00f3n del r\u00edo Santo Domingo afluente del \u201cPapaloapan\u201d. Estas personas fueron asesoradas por Litigio Estrat\u00e9gico Ind\u00edgena A.C.<\/p>\n\n\n\n<p>Las personas ind\u00edgenas indicaron que la contaminaci\u00f3n del r\u00edo \u201cPapaloapan\u201d afecta su derecho al medio ambiente sano e incrementa las afectaciones por el cambio clim\u00e1tico.&nbsp;<\/p>\n\n\n\n<p>Por eso, asesorados por Litigio Estrat\u00e9gico Ind\u00edgena, acudieron al juez federal en busca de protecci\u00f3n al r\u00edo, para que a trav\u00e9s del juicio de amparo, el juez ordenara el rescate del r\u00edo Santo Domingo.<\/p>\n\n\n\n<p>Despu\u00e9s de dos a\u00f1os de litigio, el juez federal constat\u00f3 la terrible contaminaci\u00f3n del r\u00edo y orden\u00f3 en su sentencia protectora, a diversas autoridades ambientales intervenir de manera inmediata en el rescate del r\u00edo. Dentro de ellas, al presidente municipal de Tuxtepec.<\/p>\n\n\n\n<p>La ben\u00e9fica sentencia indic\u00f3 que el presidente municipal y las dem\u00e1s autoridades deber\u00edan implementar \u201cun plan de&nbsp;acciones conjuntas&nbsp;para la eliminaci\u00f3n de la contaminaci\u00f3n del r\u00edo \u201cSanto Domingo\u201d, conforme al \u00e1mbito de sus competencias\u201d y deber\u00e1n aplicar \u201cprogramas para que las descargas de sustancias t\u00f3xicas al r\u00edo, sean en cantidades o concentraciones dentro de los l\u00edmites establecidos en la Norma Oficial Mexicana aplicable.\u201d Y \u201cprogramas de acciones de supervisi\u00f3n constante a fin de que el r\u00edo mantenga los par\u00e1metros permisibles de contaminantes.\u201d<\/p>\n\n\n\n<p>En entrevista, Carlos Morales S\u00e1nchez, presidente de la asociaci\u00f3n Litigio Estrat\u00e9gico Ind\u00edgena, refiri\u00f3 que es lamentable que autoridades responsables, como el presidente de Tuxtepec, busquen retardar el rescate de los r\u00edos oaxaque\u00f1os interponiendo recursos con el \u00fanico prop\u00f3sito de retardar el cumplimiento de la sentencia de amparo.<\/p>\n\n\n\n<p>Indic\u00f3 que es kafkiano que sea la propia autoridad municipal de Tuxtepec, quien promueva recurso de revisi\u00f3n contra la protecci\u00f3n del r\u00edo \u201cPapaloapan\u201d. El presidente municipal se inconform\u00f3 contra una sentencia que le ordena rescatar un r\u00edo, es lamentable, el nivel de indolencia de esta autoridad, pues con la interposici\u00f3n del recurso, la limpieza del r\u00edo comenzar\u00e1 dentro de dos a\u00f1os.<\/p>\n","protected":false},"excerpt":{"rendered":"<p>Redacci\u00f3n\/Zona Roja. Foto: Archivo Oaxaca de Ju\u00e1rez, Oax., a 8 de abril de 2024.- El&hellip;<\/p>\n","protected":false},"author":2,"featured_media":27786,"comment_status":"closed","ping_status":"open","sticky":false,"template":"","format":"standard","meta":{"_lmt_disableupdate":"","_lmt_disable":"","_jetpack_memberships_contains_paid_content":false,"footnotes":""},"categories":[109,47],"tags":[897],"class_list":["post-67085","post","type-post","status-publish","format-standard","has-post-thumbnail","hentry","category-minuto-a-minuto","category-zona-gris","tag-litigio-estrategico-indigena"],"jetpack_featured_media_url":"https:\/\/zonaroja.com.mx\/wp-content\/uploads\/2021\/05\/Irineo-Molina-Tuxtepec.jpg","jetpack_sharing_enabled":true,"_links":{"self":[{"href":"https:\/\/zonaroja.com.mx\/index.php?rest_route=\/wp\/v2\/posts\/67085","targetHints":{"allow":["GET"]}}],"collection":[{"href":"https:\/\/zonaroja.com.mx\/index.php?rest_route=\/wp\/v2\/posts"}],"about":[{"href":"https:\/\/zonaroja.com.mx\/index.php?rest_route=\/wp\/v2\/types\/post"}],"author":[{"embeddable":true,"href":"https:\/\/zonaroja.com.mx\/index.php?rest_route=\/wp\/v2\/users\/2"}],"replies":[{"embeddable":true,"href":"https:\/\/zonaroja.com.mx\/index.php?rest_route=%2Fwp%2Fv2%2Fcomments&post=67085"}],"version-history":[{"count":1,"href":"https:\/\/zonaroja.com.mx\/index.php?rest_route=\/wp\/v2\/posts\/67085\/revisions"}],"predecessor-version":[{"id":67088,"href":"https:\/\/zonaroja.com.mx\/index.php?rest_route=\/wp\/v2\/posts\/67085\/revisions\/67088"}],"wp:featuredmedia":[{"embeddable":true,"href":"https:\/\/zonaroja.com.mx\/index.php?rest_route=\/wp\/v2\/media\/27786"}],"wp:attachment":[{"href":"https:\/\/zonaroja.com.mx\/index.php?rest_route=%2Fwp%2Fv2%2Fmedia&parent=67085"}],"wp:term":[{"taxonomy":"category","embeddable":true,"href":"https:\/\/zonaroja.com.mx\/index.php?rest_route=%2Fwp%2Fv2%2Fcategories&post=67085"},{"taxonomy":"post_tag","embeddable":true,"href":"https:\/\/zonaroja.com.mx\/index.php?rest_route=%2Fwp%2Fv2%2Ftags&post=67085"}],"curies":[{"name":"wp","href":"https:\/\/api.w.org\/{rel}","templated":true}]}}