{"id":67089,"date":"2024-04-08T12:21:00","date_gmt":"2024-04-08T17:21:00","guid":{"rendered":"http:\/\/www.zonaroja.com.mx\/?p=67089"},"modified":"2024-04-08T10:22:15","modified_gmt":"2024-04-08T15:22:15","slug":"encuentran-a-las-8-personas-plagiadas-en-culiacan-que-faltaba-por-localizar","status":"publish","type":"post","link":"https:\/\/zonaroja.com.mx\/?p=67089","title":{"rendered":"Encuentran a las 8 personas plagiadas en Culiac\u00e1n que faltaba por localizar"},"content":{"rendered":"\n<p>Redacci\u00f3n\/Zona Roja Cdmx.<\/p>\n\n\n\n<p>Ciudad de M\u00e9xic, a 8 de abril de 2024.- Las ocho personas que estaban pendientes de localizar luego de ser privadas de su libertad junto con 58 m\u00e1s el pasado 22 de marzo en Culiac\u00e1n, Sinaloa, ya fueron localizadas sanas y salvas.<\/p>\n\n\n\n<p>El Secretario de Seguridad P\u00fablica en Sinaloa, Gerardo M\u00e9rida S\u00e1nchez, inform\u00f3, sin dar mayores detalles, que la \u00faltima persona que hac\u00eda falta de regresar a su domicilio, lo hizo la ma\u00f1ana de este domingo.<\/p>\n\n\n\n<p>Se\u00f1al\u00f3 que elementos de fuerzas municipales, estatales y federales mantuvieron un despliegue para dar con el paradero de las 66 personas &#8216;levantadas&#8217;; con la localizaci\u00f3n de todas ellas, el operativo queda concluido, apunt\u00f3.<\/p>\n\n\n\n<p>El funcionario dijo que no puede dar m\u00e1s informaci\u00f3n al respecto, pues ser\u00e1n las autoridades investigadoras las encargadas de dar a conocer m\u00e1s detalles.<\/p>\n\n\n\n<p>(Informaci\u00f3n de \u201cLa Jornada\u201d)<\/p>\n","protected":false},"excerpt":{"rendered":"<p>Redacci\u00f3n\/Zona Roja Cdmx. Ciudad de M\u00e9xic, a 8 de abril de 2024.- Las ocho personas&hellip;<\/p>\n","protected":false},"author":2,"featured_media":66579,"comment_status":"closed","ping_status":"open","sticky":false,"template":"","format":"standard","meta":{"_lmt_disableupdate":"","_lmt_disable":"","_jetpack_memberships_contains_paid_content":false,"footnotes":""},"categories":[109,46],"tags":[1335],"class_list":["post-67089","post","type-post","status-publish","format-standard","has-post-thumbnail","hentry","category-minuto-a-minuto","category-zona-blanca","tag-culiacan-sinaloa"],"jetpack_featured_media_url":"https:\/\/zonaroja.com.mx\/wp-content\/uploads\/2024\/03\/Operativos-Culiacan-Sinaloa-busqueda.jpeg","jetpack_sharing_enabled":true,"_links":{"self":[{"href":"https:\/\/zonaroja.com.mx\/index.php?rest_route=\/wp\/v2\/posts\/67089","targetHints":{"allow":["GET"]}}],"collection":[{"href":"https:\/\/zonaroja.com.mx\/index.php?rest_route=\/wp\/v2\/posts"}],"about":[{"href":"https:\/\/zonaroja.com.mx\/index.php?rest_route=\/wp\/v2\/types\/post"}],"author":[{"embeddable":true,"href":"https:\/\/zonaroja.com.mx\/index.php?rest_route=\/wp\/v2\/users\/2"}],"replies":[{"embeddable":true,"href":"https:\/\/zonaroja.com.mx\/index.php?rest_route=%2Fwp%2Fv2%2Fcomments&post=67089"}],"version-history":[{"count":1,"href":"https:\/\/zonaroja.com.mx\/index.php?rest_route=\/wp\/v2\/posts\/67089\/revisions"}],"predecessor-version":[{"id":67090,"href":"https:\/\/zonaroja.com.mx\/index.php?rest_route=\/wp\/v2\/posts\/67089\/revisions\/67090"}],"wp:featuredmedia":[{"embeddable":true,"href":"https:\/\/zonaroja.com.mx\/index.php?rest_route=\/wp\/v2\/media\/66579"}],"wp:attachment":[{"href":"https:\/\/zonaroja.com.mx\/index.php?rest_route=%2Fwp%2Fv2%2Fmedia&parent=67089"}],"wp:term":[{"taxonomy":"category","embeddable":true,"href":"https:\/\/zonaroja.com.mx\/index.php?rest_route=%2Fwp%2Fv2%2Fcategories&post=67089"},{"taxonomy":"post_tag","embeddable":true,"href":"https:\/\/zonaroja.com.mx\/index.php?rest_route=%2Fwp%2Fv2%2Ftags&post=67089"}],"curies":[{"name":"wp","href":"https:\/\/api.w.org\/{rel}","templated":true}]}}