{"id":6709,"date":"2019-12-16T09:10:00","date_gmt":"2019-12-16T15:10:00","guid":{"rendered":"http:\/\/www.zonaroja.com.mx\/?p=6709"},"modified":"2019-12-16T09:10:04","modified_gmt":"2019-12-16T15:10:04","slug":"con-musica-protestaran-en-cdmx-y-oaxaca-para-exigir-justicia-para-maria-elena","status":"publish","type":"post","link":"https:\/\/zonaroja.com.mx\/?p=6709","title":{"rendered":"Con m\u00fasica protestar\u00e1n en Cdmx y Oaxaca para exigir justicia para Mar\u00eda Elena"},"content":{"rendered":"\n<p>Redacci\u00f3n\/Zona Roja.<\/p>\n\n\n\n<p>Oaxaca de Ju\u00e1rez, Oax., 16 de diciembre\nde 2019.- Con m\u00fasica y concentraciones pac\u00edficas, este lunes organismos\nciviles, sociedad y grupos de mujeres protestar\u00e1n en la ciudad de Oaxaca y en\nla capital del pa\u00eds, a fin de exigir justicia para Mar\u00eda Elena, agredida con\n\u00e1cido hace tres meses.<\/p>\n\n\n\n<p>\u201cAqu\u00ed estamos Mar\u00eda Elena\u201d, es la\nconvocatoria por parte de feministas, a fin de manifestarse a partir de las\n17:30 horas en la sede del Centro de Justicia para las Mujeres (Cejum), dependiente\nde la Fiscal\u00eda General del Estado, en la calle Armenta y L\u00f3pez de la capital\noaxaque\u00f1a.<\/p>\n\n\n\n<p>\u201cAcompa\u00f1amos la protesta de apoyo a Elena R\u00edos; trae instrumentos musicales, carteles de apoyo y denuncia\u201d, invitan.<\/p>\n\n\n\n<figure class=\"wp-block-image\"><img decoding=\"async\" width=\"723\" height=\"1024\" src=\"http:\/\/www.zonaroja.com.mx\/wp-content\/uploads\/2019\/12\/Carteles-Mar\u00eda-Elena-1-723x1024.jpg\" alt=\"\" class=\"wp-image-6710\" srcset=\"https:\/\/zonaroja.com.mx\/wp-content\/uploads\/2019\/12\/Carteles-Mar\u00eda-Elena-1-723x1024.jpg 723w, https:\/\/zonaroja.com.mx\/wp-content\/uploads\/2019\/12\/Carteles-Mar\u00eda-Elena-1-212x300.jpg 212w, https:\/\/zonaroja.com.mx\/wp-content\/uploads\/2019\/12\/Carteles-Mar\u00eda-Elena-1-768x1087.jpg 768w, https:\/\/zonaroja.com.mx\/wp-content\/uploads\/2019\/12\/Carteles-Mar\u00eda-Elena-1-585x828.jpg 585w, https:\/\/zonaroja.com.mx\/wp-content\/uploads\/2019\/12\/Carteles-Mar\u00eda-Elena-1.jpg 904w\" sizes=\"(max-width: 723px) 100vw, 723px\" \/><\/figure>\n\n\n\n<p>Por otra parte, artistas convocaron a\nprotestar en las oficinas de representaci\u00f3n de Oaxaca en la Ciudad de M\u00e9xico,\npor el caso de la saxofonista atacada con \u00e1cido el 9 de septiembre pasado en el\nmunicipio de Huajuapan de Le\u00f3n. <\/p>\n\n\n\n<p>A trav\u00e9s de redes sociales y un cartel se\nlanz\u00f3 la convocatoria para protestar de manera pac\u00edfica con instrumentos y\nvoces este lunes a las 13:30 horas en Shakespeare 68, en la colonia Anzures,\nalcald\u00eda Miguel Hidalgo. <\/p>\n\n\n\n<p>Mar\u00eda Elena R\u00edos Ortiz, de 26 a\u00f1os de\nedad, fue atacada con \u00e1cido en su domicilio, ubicada en el municipio de\nHuajuapan de Le\u00f3n. <\/p>\n\n\n\n<p>La v\u00edctima acus\u00f3 a un ex diputado del\nPRI y empresario de una gasolinera en la zona mixteca, que estuvo ligado con\nella en alg\u00fan momento y que la hab\u00eda amenazad anteriormente. Hasta ahora no ha\nsido detenido ni el agresor material ni el intelectual.<\/p>\n","protected":false},"excerpt":{"rendered":"<p>Redacci\u00f3n\/Zona Roja. Oaxaca de Ju\u00e1rez, Oax., 16 de diciembre de 2019.- Con m\u00fasica y concentraciones&hellip;<\/p>\n","protected":false},"author":2,"featured_media":6711,"comment_status":"closed","ping_status":"open","sticky":false,"template":"","format":"standard","meta":{"_lmt_disableupdate":"","_lmt_disable":"","_jetpack_memberships_contains_paid_content":false,"footnotes":""},"categories":[109,47],"tags":[1124],"class_list":["post-6709","post","type-post","status-publish","format-standard","has-post-thumbnail","hentry","category-minuto-a-minuto","category-zona-gris","tag-maria-elena-rios-ortiz"],"jetpack_featured_media_url":"https:\/\/zonaroja.com.mx\/wp-content\/uploads\/2019\/12\/Carteles-Mar\u00eda-Elena-2.jpg","jetpack_sharing_enabled":true,"_links":{"self":[{"href":"https:\/\/zonaroja.com.mx\/index.php?rest_route=\/wp\/v2\/posts\/6709","targetHints":{"allow":["GET"]}}],"collection":[{"href":"https:\/\/zonaroja.com.mx\/index.php?rest_route=\/wp\/v2\/posts"}],"about":[{"href":"https:\/\/zonaroja.com.mx\/index.php?rest_route=\/wp\/v2\/types\/post"}],"author":[{"embeddable":true,"href":"https:\/\/zonaroja.com.mx\/index.php?rest_route=\/wp\/v2\/users\/2"}],"replies":[{"embeddable":true,"href":"https:\/\/zonaroja.com.mx\/index.php?rest_route=%2Fwp%2Fv2%2Fcomments&post=6709"}],"version-history":[{"count":1,"href":"https:\/\/zonaroja.com.mx\/index.php?rest_route=\/wp\/v2\/posts\/6709\/revisions"}],"predecessor-version":[{"id":6712,"href":"https:\/\/zonaroja.com.mx\/index.php?rest_route=\/wp\/v2\/posts\/6709\/revisions\/6712"}],"wp:featuredmedia":[{"embeddable":true,"href":"https:\/\/zonaroja.com.mx\/index.php?rest_route=\/wp\/v2\/media\/6711"}],"wp:attachment":[{"href":"https:\/\/zonaroja.com.mx\/index.php?rest_route=%2Fwp%2Fv2%2Fmedia&parent=6709"}],"wp:term":[{"taxonomy":"category","embeddable":true,"href":"https:\/\/zonaroja.com.mx\/index.php?rest_route=%2Fwp%2Fv2%2Fcategories&post=6709"},{"taxonomy":"post_tag","embeddable":true,"href":"https:\/\/zonaroja.com.mx\/index.php?rest_route=%2Fwp%2Fv2%2Ftags&post=6709"}],"curies":[{"name":"wp","href":"https:\/\/api.w.org\/{rel}","templated":true}]}}