{"id":67095,"date":"2024-04-08T11:27:00","date_gmt":"2024-04-08T16:27:00","guid":{"rendered":"http:\/\/www.zonaroja.com.mx\/?p=67095"},"modified":"2024-04-08T10:30:48","modified_gmt":"2024-04-08T15:30:48","slug":"gana-valentina-o-la-serenidad-premios-en-festival-internacional-en-francia","status":"publish","type":"post","link":"https:\/\/zonaroja.com.mx\/?p=67095","title":{"rendered":"Gana \u201cValentina o la Serenidad\u201d premios en festival internacional en Francia"},"content":{"rendered":"\n<p>Yuridiana Sosa\/ Zona Roja.<\/p>\n\n\n\n<p>Oaxaca de Ju\u00e1rez, Oax., 8 de abril de 2024.- La pel\u00edcula de la cineasta oaxaque\u00f1a \u00c1ngeles Cruz, \u201cValentina o la Serenidad\u201d sigue sumando \u00e9xitos en el extranjero, como ocurri\u00f3 recientemente al ser reconocida por el Festival Ojoloco du Cin\u00e9ma Ib\u00e9rique et Latino-Am\u00e9ricain de Grenoble, en Grenoble Francia.<\/p>\n\n\n\n<p>La directora dio a conocer que la producci\u00f3n,&nbsp; estrenada en 2023 en el Festival Internacional de Cine de Morelia (FICM), recibi\u00f3 el premio del Jurado de Ficci\u00f3n y el Premio del P\u00fablico del festival, otorgado este 4 de abril.<\/p>\n\n\n\n<p>\u201cNos sentimos muy agradecidas por estos hermosos reconocimientos y nos conmueven mucho sus palabras. Gracias al generoso festival OJO LOCO as\u00ed como a todxs y cada unx de sus integrantes por la gran labor que hacen para que nuestro cine llegue a Grenoble\u201d, expres\u00f3 la oaxaque\u00f1a.<\/p>\n\n\n\n<p>El premio lo dedic\u00f3 a las personas que conforman la familia de Valentina o la Serenidad, por su trabajo, el cual defini\u00f3 como \u201csiempre solidario, siempre profesional , siempre amoroso\u201d.<\/p>\n\n\n\n<p>Por su parte, el jurado dedic\u00f3 un mensaje a la cineasta de San Miguel El Grande, en la Mixteca de Oaxaca, por el resultado de su trabajo.<\/p>\n\n\n\n<p>\u201cUna pel\u00edcula que nos toc\u00f3 mucho a todos. Aborda el tema del duelo desde la perspectiva de un ni\u00f1o y ofrece un tratamiento realista de lo que significa perder a un ser querido, invit\u00e1ndonos a vivir las cosas desde la perspectiva de este ni\u00f1o a trav\u00e9s de brillantes procesos visuales\u201d.<\/p>\n\n\n\n<p>En el mensaje del jurado se &nbsp;menciona: \u201cTambi\u00e9n aborda el tema de la espiritualidad de forma po\u00e9tica, alej\u00e1ndose de clich\u00e9s, y ofrece un retorno a la naturaleza a trav\u00e9s de su relaci\u00f3n con la materia y las sensaciones\u201d.<\/p>\n\n\n\n<p>Adem\u00e1s, \u201cLa pel\u00edcula destaca tambi\u00e9n por la belleza de su imagen y la inteligencia de sus planos, as\u00ed como por la actuaci\u00f3n de su actriz principal, que dota a su personaje de un poder notable\u201d, fueron las palabras dedicadas para la pel\u00edcula de la oaxaque\u00f1a.<\/p>\n\n\n\n<p>Por otra parte, la pel\u00edcula mantiene proyecciones en diferentes espacios, como ocurrir\u00e1 este fin de semana en la Cineteca Nacional de las Artes.<\/p>\n\n\n\n<p>Adem\u00e1s, forma parte de la VI&nbsp; Muestra de Cine Hecho por Mujeres, que se realiza del 6 de marzo al 10 de abril en Guatemala.<\/p>\n","protected":false},"excerpt":{"rendered":"<p>Yuridiana Sosa\/ Zona Roja. Oaxaca de Ju\u00e1rez, Oax., 8 de abril de 2024.- La pel\u00edcula&hellip;<\/p>\n","protected":false},"author":2,"featured_media":67096,"comment_status":"closed","ping_status":"open","sticky":false,"template":"","format":"standard","meta":{"_lmt_disableupdate":"","_lmt_disable":"","_jetpack_memberships_contains_paid_content":false,"footnotes":""},"categories":[1],"tags":[],"class_list":["post-67095","post","type-post","status-publish","format-standard","has-post-thumbnail","hentry","category-sin-categoria"],"jetpack_featured_media_url":"https:\/\/zonaroja.com.mx\/wp-content\/uploads\/2024\/04\/Valentina-o-la-serenidad-premio-Francia-Angeles-Cru.jpg","jetpack_sharing_enabled":true,"_links":{"self":[{"href":"https:\/\/zonaroja.com.mx\/index.php?rest_route=\/wp\/v2\/posts\/67095","targetHints":{"allow":["GET"]}}],"collection":[{"href":"https:\/\/zonaroja.com.mx\/index.php?rest_route=\/wp\/v2\/posts"}],"about":[{"href":"https:\/\/zonaroja.com.mx\/index.php?rest_route=\/wp\/v2\/types\/post"}],"author":[{"embeddable":true,"href":"https:\/\/zonaroja.com.mx\/index.php?rest_route=\/wp\/v2\/users\/2"}],"replies":[{"embeddable":true,"href":"https:\/\/zonaroja.com.mx\/index.php?rest_route=%2Fwp%2Fv2%2Fcomments&post=67095"}],"version-history":[{"count":1,"href":"https:\/\/zonaroja.com.mx\/index.php?rest_route=\/wp\/v2\/posts\/67095\/revisions"}],"predecessor-version":[{"id":67097,"href":"https:\/\/zonaroja.com.mx\/index.php?rest_route=\/wp\/v2\/posts\/67095\/revisions\/67097"}],"wp:featuredmedia":[{"embeddable":true,"href":"https:\/\/zonaroja.com.mx\/index.php?rest_route=\/wp\/v2\/media\/67096"}],"wp:attachment":[{"href":"https:\/\/zonaroja.com.mx\/index.php?rest_route=%2Fwp%2Fv2%2Fmedia&parent=67095"}],"wp:term":[{"taxonomy":"category","embeddable":true,"href":"https:\/\/zonaroja.com.mx\/index.php?rest_route=%2Fwp%2Fv2%2Fcategories&post=67095"},{"taxonomy":"post_tag","embeddable":true,"href":"https:\/\/zonaroja.com.mx\/index.php?rest_route=%2Fwp%2Fv2%2Ftags&post=67095"}],"curies":[{"name":"wp","href":"https:\/\/api.w.org\/{rel}","templated":true}]}}