{"id":67098,"date":"2024-04-08T16:21:20","date_gmt":"2024-04-08T21:21:20","guid":{"rendered":"http:\/\/www.zonaroja.com.mx\/?p=67098"},"modified":"2024-04-08T16:21:21","modified_gmt":"2024-04-08T21:21:21","slug":"devastador-dos-semanas-de-incendios-en-chimalapas-dejan-11-mil-hectareas-danadas","status":"publish","type":"post","link":"https:\/\/zonaroja.com.mx\/?p=67098","title":{"rendered":"Devastador: dos semanas de incendios en Chimalapas dejan 11 mil hect\u00e1reas da\u00f1adas"},"content":{"rendered":"\n<p>Yuridiana Sosa\/ Zona Roja.<\/p>\n\n\n\n<p>Oaxaca de Ju\u00e1rez, Oax., 8 de abril de 2024.- El incendio que se mantiene activo en San Miguel y Santa Mar\u00eda Chimalapa, en la regi\u00f3n del Istmo, desde hace poco m\u00e1s de dos semanas, ha afectado m\u00e1s de 11 mil hect\u00e1reas de bosque y selva, confirm\u00f3 el gobernador de Oaxaca, Salom\u00f3n Jara Cruz.<\/p>\n\n\n\n<p>Durante su conferencia matutina de este lunes, el mandatario estatal indic\u00f3 que la situaci\u00f3n por los da\u00f1os es terrible y lamentable.<\/p>\n\n\n\n<p>Pues de acuerdo con las estad\u00edsticas, el incendio en la zona representa aproximadamente el 88 por ciento de la superficie total en el estado por incendios forestales.<\/p>\n\n\n\n<p>A su vez, la directora general de la Comisi\u00f3n Estatal Forestal (Coesfo), Magdalena Coello Castillo, inform\u00f3 que en la zona de Santa Mar\u00eda y San Miguel Chimalapa se detonaron un conjunto de seis incendios, de los que se liquidaron cuatro.<\/p>\n\n\n\n<p>En San Miguel y Santa Mar\u00eda Chimalapa hay un control de 65 por ciento del fuego, con una liquidaci\u00f3n del 50 por ciento.<\/p>\n\n\n\n<p>De forma espec\u00edfica, indic\u00f3 que en la zona de Benito Ju\u00e1rez y El Ciruelo hay un control de un 50 o 60 por ciento; los incendios liquidados fueron los que se registraron en R\u00edo Grande 1 y R\u00edo Grande 2, La Miner\u00eda y Magipono.<\/p>\n\n\n\n<figure class=\"wp-block-embed\"><div class=\"wp-block-embed__wrapper\">\nhttps:\/\/x.com\/ZonaRoja_Oaxaca\/status\/1777422982505173413\n<\/div><\/figure>\n\n\n\n<p>La titular de Coesfo indic\u00f3 que en la zona de los Chimalapas el gobierno del estado tiene presencia desde el 30 de marzo; &nbsp;con un helic\u00f3ptero hace tres actividades principales, movilizaci\u00f3n de personal, traslado de v\u00edveres y algunas descargas de agua.<\/p>\n\n\n\n<p>As\u00ed como se cuenta con una unidad de Sedena y se incorpor\u00f3 el equipo de Conagua.<\/p>\n\n\n\n<p>DA\u00d1O TOTAL &nbsp;Y OTROS<\/p>\n\n\n\n<p>De manera preliminar, al corte del 5 de abril, se cuenta con el registro de 97 incendios forestales, con un total de 12 mil 558 hect\u00e1reas da\u00f1adas.&nbsp; Adem\u00e1s, se registraron 18 incendios de pastizales, con m\u00e1s 161. 83 afectaciones.<\/p>\n\n\n\n<p>El 3 de abril se inici\u00f3 en Santiago Juxtlahuaca, en la comunidad de Yosoyuxi Copala con un control del 100 por ciento y una liquidaci\u00f3n del 90 por ciento; el 5 de abril en San Juan Ihualtepec de San Jos\u00e9 Chepetl\u00e1n y el 6 de abril en Zapotitl\u00e1n Lagunas Silacayoapan, tambi\u00e9n con 100 por ciento y una liquidaci\u00f3n del 90 por ciento.<\/p>\n\n\n\n<p>El 7 de abril en Santa Mar\u00eda Huatulco un cero por cierto de control y un cero&nbsp; por ciento de liquidaci\u00f3n, as\u00ed como&nbsp; tambi\u00e9n ayer en Tamazul\u00e1pam del &nbsp;Esp\u00edritu santo, 95 por ciento de control y 50 por ciento de liquidaci\u00f3n.&nbsp;<\/p>\n","protected":false},"excerpt":{"rendered":"<p>Yuridiana Sosa\/ Zona Roja. Oaxaca de Ju\u00e1rez, Oax., 8 de abril de 2024.- El incendio&hellip;<\/p>\n","protected":false},"author":2,"featured_media":67099,"comment_status":"closed","ping_status":"open","sticky":false,"template":"","format":"standard","meta":{"_lmt_disableupdate":"","_lmt_disable":"","_jetpack_memberships_contains_paid_content":false,"footnotes":""},"categories":[109,47],"tags":[939],"class_list":["post-67098","post","type-post","status-publish","format-standard","has-post-thumbnail","hentry","category-minuto-a-minuto","category-zona-gris","tag-salomon-jara-cruz"],"jetpack_featured_media_url":"https:\/\/zonaroja.com.mx\/wp-content\/uploads\/2024\/04\/Conferencia-gobernador-Salomon-Jara-8-de-abril.jpg","jetpack_sharing_enabled":true,"_links":{"self":[{"href":"https:\/\/zonaroja.com.mx\/index.php?rest_route=\/wp\/v2\/posts\/67098","targetHints":{"allow":["GET"]}}],"collection":[{"href":"https:\/\/zonaroja.com.mx\/index.php?rest_route=\/wp\/v2\/posts"}],"about":[{"href":"https:\/\/zonaroja.com.mx\/index.php?rest_route=\/wp\/v2\/types\/post"}],"author":[{"embeddable":true,"href":"https:\/\/zonaroja.com.mx\/index.php?rest_route=\/wp\/v2\/users\/2"}],"replies":[{"embeddable":true,"href":"https:\/\/zonaroja.com.mx\/index.php?rest_route=%2Fwp%2Fv2%2Fcomments&post=67098"}],"version-history":[{"count":1,"href":"https:\/\/zonaroja.com.mx\/index.php?rest_route=\/wp\/v2\/posts\/67098\/revisions"}],"predecessor-version":[{"id":67100,"href":"https:\/\/zonaroja.com.mx\/index.php?rest_route=\/wp\/v2\/posts\/67098\/revisions\/67100"}],"wp:featuredmedia":[{"embeddable":true,"href":"https:\/\/zonaroja.com.mx\/index.php?rest_route=\/wp\/v2\/media\/67099"}],"wp:attachment":[{"href":"https:\/\/zonaroja.com.mx\/index.php?rest_route=%2Fwp%2Fv2%2Fmedia&parent=67098"}],"wp:term":[{"taxonomy":"category","embeddable":true,"href":"https:\/\/zonaroja.com.mx\/index.php?rest_route=%2Fwp%2Fv2%2Fcategories&post=67098"},{"taxonomy":"post_tag","embeddable":true,"href":"https:\/\/zonaroja.com.mx\/index.php?rest_route=%2Fwp%2Fv2%2Ftags&post=67098"}],"curies":[{"name":"wp","href":"https:\/\/api.w.org\/{rel}","templated":true}]}}