{"id":67120,"date":"2024-04-09T09:30:00","date_gmt":"2024-04-09T14:30:00","guid":{"rendered":"http:\/\/www.zonaroja.com.mx\/?p=67120"},"modified":"2024-04-09T07:54:34","modified_gmt":"2024-04-09T12:54:34","slug":"catorce-vehiculos-y-destrozos-en-palacio-de-gobierno-de-guerrero","status":"publish","type":"post","link":"https:\/\/zonaroja.com.mx\/?p=67120","title":{"rendered":"Catorce veh\u00edculos y destrozos en Palacio de Gobierno de Guerrero"},"content":{"rendered":"\n<p>Redacci\u00f3n\/Zona Roja Cdmx.<\/p>\n\n\n\n<p>Ciudad de M\u00e9xico, a 9 de abril de 2024.- Al menos 14 veh\u00edculos incendiados, as\u00ed como cuantiosos da\u00f1os al Palacio de Gobierno fue el saldo del ataque de ayer de presuntos normalistas de Ayotzinapa.<\/p>\n\n\n\n<p>De acuerdo con informaci\u00f3n del diario \u201cLa Jornada\u201d, los supuestos alumnos de la Normal Rural \u201cRa\u00fal Isidro Burgos\u201d irrumpieron ayer en la sede gubernamental ubicada en Chilpancingo, Guerrero, donde lanzaron petardos y quemaron unidades de motor, oficiales y particulares.<\/p>\n\n\n\n<p>Lo anterior para exigir justicia por su compa\u00f1ero Yanqui Khotan G\u00f3mez Peralta, asesinado hace un mes por parte de elementos policiacos, detalla la informaci\u00f3n de \u201cLa Jornada\u201d.<\/p>\n\n\n\n<p>Alrededor de las 8:30 horas de ayer, unos 200 alumnos arribaron al inmueble oficial, ubicado en el bulevar Ren\u00e9 Ju\u00e1rez Cisneros de esta capital, lanzaron los artefactos explosivos, rompieron cristales e incendiaron dos automotores, uno de ellos una camioneta del gobierno de la entidad que estaba en la entrada principal.<\/p>\n\n\n\n<p>Las detonaciones sorprendieron a los trabajadores, que empezaron a gritar y correr por la explanada. Otro contingente de normalistas se traslad\u00f3 al estacionamiento del Palacio de Gobierno y arroj\u00f3 petardos a unos 12 veh\u00edculos.<\/p>\n\n\n\n<p>Los sucesos violentos provocaron la suspensi\u00f3n del homenaje a la Bandera, que encabezar\u00eda la gobernadora de Guerrero, la morenista Evelyn Salgado Pineda, a las nueve horas, detalla la informaci\u00f3n de \u201cLa Jornada\u201d.<\/p>\n\n\n\n<p>Tras los disturbios, los estudiantes subieron a los autobuses en los que llegaron y partieron rumbo a la Normal de Ayotzinapa, ubicada en el municipio de Tixtla.<\/p>\n\n\n\n<p>El personal de Protecci\u00f3n Civil y los bomberos llegaron a las instalaciones para sofocar las llamas en los veh\u00edculos y uno de los edificios.<\/p>\n\n\n\n<p>Fue el pasado 7 de marzo, en el libramiento a Tixtla-Chilpancingo, cuando elementos de la Polic\u00eda Estatal, marcaron el alto a tres normalistas y dispararon contra la camioneta en la que viajaban, matando a Yanqui Khotan.<\/p>\n","protected":false},"excerpt":{"rendered":"<p>Redacci\u00f3n\/Zona Roja Cdmx. Ciudad de M\u00e9xico, a 9 de abril de 2024.- Al menos 14&hellip;<\/p>\n","protected":false},"author":2,"featured_media":67121,"comment_status":"closed","ping_status":"open","sticky":false,"template":"","format":"standard","meta":{"_lmt_disableupdate":"","_lmt_disable":"","_jetpack_memberships_contains_paid_content":false,"footnotes":""},"categories":[109,47],"tags":[715],"class_list":["post-67120","post","type-post","status-publish","format-standard","has-post-thumbnail","hentry","category-minuto-a-minuto","category-zona-gris","tag-normalistas-ayotzinapa"],"jetpack_featured_media_url":"https:\/\/zonaroja.com.mx\/wp-content\/uploads\/2024\/04\/Ataque-de-Normalistas-Palacio-Chilpancingo-Ayotzinapa.jpeg","jetpack_sharing_enabled":true,"_links":{"self":[{"href":"https:\/\/zonaroja.com.mx\/index.php?rest_route=\/wp\/v2\/posts\/67120","targetHints":{"allow":["GET"]}}],"collection":[{"href":"https:\/\/zonaroja.com.mx\/index.php?rest_route=\/wp\/v2\/posts"}],"about":[{"href":"https:\/\/zonaroja.com.mx\/index.php?rest_route=\/wp\/v2\/types\/post"}],"author":[{"embeddable":true,"href":"https:\/\/zonaroja.com.mx\/index.php?rest_route=\/wp\/v2\/users\/2"}],"replies":[{"embeddable":true,"href":"https:\/\/zonaroja.com.mx\/index.php?rest_route=%2Fwp%2Fv2%2Fcomments&post=67120"}],"version-history":[{"count":1,"href":"https:\/\/zonaroja.com.mx\/index.php?rest_route=\/wp\/v2\/posts\/67120\/revisions"}],"predecessor-version":[{"id":67122,"href":"https:\/\/zonaroja.com.mx\/index.php?rest_route=\/wp\/v2\/posts\/67120\/revisions\/67122"}],"wp:featuredmedia":[{"embeddable":true,"href":"https:\/\/zonaroja.com.mx\/index.php?rest_route=\/wp\/v2\/media\/67121"}],"wp:attachment":[{"href":"https:\/\/zonaroja.com.mx\/index.php?rest_route=%2Fwp%2Fv2%2Fmedia&parent=67120"}],"wp:term":[{"taxonomy":"category","embeddable":true,"href":"https:\/\/zonaroja.com.mx\/index.php?rest_route=%2Fwp%2Fv2%2Fcategories&post=67120"},{"taxonomy":"post_tag","embeddable":true,"href":"https:\/\/zonaroja.com.mx\/index.php?rest_route=%2Fwp%2Fv2%2Ftags&post=67120"}],"curies":[{"name":"wp","href":"https:\/\/api.w.org\/{rel}","templated":true}]}}