{"id":67127,"date":"2024-04-09T11:30:00","date_gmt":"2024-04-09T16:30:00","guid":{"rendered":"http:\/\/www.zonaroja.com.mx\/?p=67127"},"modified":"2024-04-09T08:14:28","modified_gmt":"2024-04-09T13:14:28","slug":"asesinan-a-dos-policias-en-chiapas-y-un-guardia-nacional-en-michoacan","status":"publish","type":"post","link":"https:\/\/zonaroja.com.mx\/?p=67127","title":{"rendered":"Asesinan a dos polic\u00edas en Chiapas y un Guardia Nacional en Michoac\u00e1n"},"content":{"rendered":"\n<p>Redacci\u00f3n\/Zona Roja Cdmx.<\/p>\n\n\n\n<p>Ciudad de M\u00e9xico, a 9 de abril de 2024.- Un comando de la delincuencia organizad asesin\u00f3 a balazos a dos polic\u00edas preventivos en Ocozocoautla, Chiapas.<\/p>\n\n\n\n<p>El doble crimen ocurri\u00f3 ayer cuando los uniformados dependientes de la Secretar\u00eda de Seguridad y Protecci\u00f3n Ciudadana, patrullaban en dicho municipio y fueron emboscados.<\/p>\n\n\n\n<p>De acuerdo con informaci\u00f3n publicada por \u201cLa Jornada\u201d, en la misma zona el pasado 25 de marzo ocurri\u00f3 un enfrentamiento entre grupos delictivos con saldo de dos muertos, un herido y al menos una decena de veh\u00edculos quemados y destrozados.<\/p>\n\n\n\n<p>Por otra parte, en la carretera La Piedad-Yur\u00e9cuaro, Michoac\u00e1n, fue atacado un convoy de la Guardia Nacional.<\/p>\n\n\n\n<p>Los hechos ocurrieron la tarde del domingo y dejaron como saldo un elemento muerto y otro m\u00e1s herido de gravedad.<\/p>\n\n\n\n<p>Hasta el momento las autoridades no han dado a conocer si hay personas detenidas por estos casos.<\/p>\n","protected":false},"excerpt":{"rendered":"<p>Redacci\u00f3n\/Zona Roja Cdmx. Ciudad de M\u00e9xico, a 9 de abril de 2024.- Un comando de&hellip;<\/p>\n","protected":false},"author":2,"featured_media":67129,"comment_status":"closed","ping_status":"open","sticky":false,"template":"","format":"standard","meta":{"_lmt_disableupdate":"","_lmt_disable":"","_jetpack_memberships_contains_paid_content":false,"footnotes":""},"categories":[109,47],"tags":[3686],"class_list":["post-67127","post","type-post","status-publish","format-standard","has-post-thumbnail","hentry","category-minuto-a-minuto","category-zona-gris","tag-crimen-organizado-en-chiapas"],"jetpack_featured_media_url":"https:\/\/zonaroja.com.mx\/wp-content\/uploads\/2024\/04\/Policias-asesinados-en-Ocozocoautla-Chiapas.jpeg","jetpack_sharing_enabled":true,"_links":{"self":[{"href":"https:\/\/zonaroja.com.mx\/index.php?rest_route=\/wp\/v2\/posts\/67127","targetHints":{"allow":["GET"]}}],"collection":[{"href":"https:\/\/zonaroja.com.mx\/index.php?rest_route=\/wp\/v2\/posts"}],"about":[{"href":"https:\/\/zonaroja.com.mx\/index.php?rest_route=\/wp\/v2\/types\/post"}],"author":[{"embeddable":true,"href":"https:\/\/zonaroja.com.mx\/index.php?rest_route=\/wp\/v2\/users\/2"}],"replies":[{"embeddable":true,"href":"https:\/\/zonaroja.com.mx\/index.php?rest_route=%2Fwp%2Fv2%2Fcomments&post=67127"}],"version-history":[{"count":1,"href":"https:\/\/zonaroja.com.mx\/index.php?rest_route=\/wp\/v2\/posts\/67127\/revisions"}],"predecessor-version":[{"id":67130,"href":"https:\/\/zonaroja.com.mx\/index.php?rest_route=\/wp\/v2\/posts\/67127\/revisions\/67130"}],"wp:featuredmedia":[{"embeddable":true,"href":"https:\/\/zonaroja.com.mx\/index.php?rest_route=\/wp\/v2\/media\/67129"}],"wp:attachment":[{"href":"https:\/\/zonaroja.com.mx\/index.php?rest_route=%2Fwp%2Fv2%2Fmedia&parent=67127"}],"wp:term":[{"taxonomy":"category","embeddable":true,"href":"https:\/\/zonaroja.com.mx\/index.php?rest_route=%2Fwp%2Fv2%2Fcategories&post=67127"},{"taxonomy":"post_tag","embeddable":true,"href":"https:\/\/zonaroja.com.mx\/index.php?rest_route=%2Fwp%2Fv2%2Ftags&post=67127"}],"curies":[{"name":"wp","href":"https:\/\/api.w.org\/{rel}","templated":true}]}}