{"id":6713,"date":"2019-12-16T16:08:21","date_gmt":"2019-12-16T22:08:21","guid":{"rendered":"http:\/\/www.zonaroja.com.mx\/?p=6713"},"modified":"2019-12-16T16:12:26","modified_gmt":"2019-12-16T22:12:26","slug":"revictimiza-vera-carrizal-a-joven-agredida-feministas-exigen-renuncia-del-fiscal","status":"publish","type":"post","link":"https:\/\/zonaroja.com.mx\/?p=6713","title":{"rendered":"Revictimiza Vera Carrizal a joven agredida, feministas exigen renuncia del fiscal"},"content":{"rendered":"\n<p>Evlin Arag\u00f3n\/Zona Roja.<\/p>\n\n\n\n<p>Oaxaca de Ju\u00e1rez, Oax., 16 de diciembre\nde 2019.- Pese a que su rostro se ha convertido en una de las im\u00e1genes m\u00e1s\ncompartidas en las redes sociales los \u00faltimos d\u00edas, debido a que se le\nresponsabiliza del ataque con \u00e1cido a una joven saxofonista oaxaque\u00f1a, el\nempresario Juan Antonio Ver\u00e1 Carrizal neg\u00f3 las acusaciones en su contra que lo\nse\u00f1alan como el autor intelectual de los hechos.<\/p>\n\n\n\n<p>En una entrevista radiof\u00f3nica realizada\nrecientemente en un medio local de Huajuapan de Le\u00f3n, el tambi\u00e9n ex diputado\nlocal, asegur\u00f3 que m\u00e1s del 70 por ciento de lo expuesto en Facebook es mentira,\na la par que indic\u00f3 que \u00e9l est\u00e1 en contra de la violencia hacia las mujeres, a\nquienes respeta en todo momento. <\/p>\n\n\n\n<p>Reconoci\u00f3 que tuvo una relaci\u00f3n laboral y de amistad con Mar\u00eda Elena R\u00edos, lo cual dijo no quiere decir que est\u00e9 implicado en hechos delictivos como lo han difundido medios de comunicaci\u00f3n, a la par que responsabiliz\u00f3 a la joven de su propio ataque, a quien revictimiz\u00f3 al dar a entender que es a consecuencia de sus actos y no responsabilidad del agresor.<\/p>\n\n\n\n<figure class=\"wp-block-embed-twitter wp-block-embed is-type-rich is-provider-twitter\"><div class=\"wp-block-embed__wrapper\">\n<div class=\"twitter-tweet\"><blockquote class=\"twitter-tweet\" data-lang=\"es\"><p lang=\"es\" dir=\"ltr\"><a href=\"https:\/\/twitter.com\/hashtag\/OaxacaGris?src=hash&amp;ref_src=twsrc%5Etfw\">#OaxacaGris<\/a><br>(2)\u201cLa se\u00f1orita Mar\u00eda Elena Ruiz Ortiz trabaj\u00f3 conmigo, adem\u00e1s tuvimos, tenemos una amistad, pero eso no quiere decir que est\u00e9 implicado en hechos delictivos&#8230; cada quien asume su estilo de vida y si tienes un estilo de vida diferente al normal, qu\u00e9 va a pasar\u201d: JAVC <a href=\"https:\/\/t.co\/JyQKjUuZBz\">pic.twitter.com\/JyQKjUuZBz<\/a><\/p>&mdash; Zona Roja Oaxaca (@MexRoja) <a href=\"https:\/\/twitter.com\/MexRoja\/status\/1206614220000972800?ref_src=twsrc%5Etfw\">16 de diciembre de 2019<\/a><\/blockquote><\/div>\n<\/div><\/figure>\n\n\n\n<p>\u201cCada quien asume su estilo de vida y si tienes un estilo de vida sano pues l\u00f3gico que va a ser sano tu desempe\u00f1o en la vida diaria, pero si tienes un estilo diferente al normal pues que va a pasar, vas a tener problemas\u201d, dijo en entrevista. <\/p>\n\n\n\n<p>Este discurso ha sido se\u00f1alado por\nactivistas y feministas como revictimizaci\u00f3n, el cual se hace presente en la\nmayor\u00eda de ataques sexuales y de violencia contra las mujeres.<\/p>\n\n\n\n<p>Ya que en lugar de responsabilizar al\nagresor, se busca, a c\u00f3mo d\u00e9 lugar, hacer creer que las v\u00edctimas motivaron a\nsus agresores a responder de forma violenta, lo cual resulta perjudicial en el\nproceso psicol\u00f3gico y penal de las agredidas.<\/p>\n\n\n\n<p>Vera Carrizal asegur\u00f3 que s\u00f3lo han\nespeculado sobre la identidad del presunto responsable de la joven, pese a que\nya hay declaraciones a nivel nacional por parte de familiares de Mar\u00eda Elena\nque lo se\u00f1alan como el autor intelectual de la agresi\u00f3n. <\/p>\n\n\n\n<p>As\u00ed mismo, exhort\u00f3 a las autoridades de procuraci\u00f3n de justicia para que se investigue a profundidad el caso a fin de que salgo a flote la verdad y puedan sancionar a quienes resulten responsables de la agresi\u00f3n atroz en contra de la saxofonista con quien reconoci\u00f3 tener una relaci\u00f3n laboral y de amistad. <\/p>\n\n\n\n<figure class=\"wp-block-embed-twitter wp-block-embed is-type-rich is-provider-twitter\"><div class=\"wp-block-embed__wrapper\">\n<div class=\"twitter-tweet\"><blockquote class=\"twitter-tweet\" data-lang=\"es\"><p lang=\"es\" dir=\"ltr\"><a href=\"https:\/\/twitter.com\/hashtag\/OaxacaGris?src=hash&amp;ref_src=twsrc%5Etfw\">#OaxacaGris<\/a><br>(1) Sobre caso Mar\u00eda Elena,semanas atr\u00e1s, el ex diputado Juan Vera Carrizal, en una entrevista radiof\u00f3nica,calific\u00f3 de mentira los se\u00f1alamientos y justific\u00f3 que \u201cno porque tengas acercamiento laboral o de amistad con alguien quiere decir que tienes un tema de pleito\u201d. <a href=\"https:\/\/t.co\/jW8H8DqDik\">pic.twitter.com\/jW8H8DqDik<\/a><\/p>&mdash; Zona Roja Oaxaca (@MexRoja) <a href=\"https:\/\/twitter.com\/MexRoja\/status\/1206611163003392006?ref_src=twsrc%5Etfw\">16 de diciembre de 2019<\/a><\/blockquote><\/div>\n<\/div><\/figure>\n\n\n\n<p>PIDEN RENUNCIA<\/p>\n\n\n\n<p>Mientras que el colectivo Feministas\nOaxaca asegur\u00f3 que en este caso el fiscal General del Estado de Oaxaca, Rub\u00e9n\nVasconcelos M\u00e9ndez, nuevamente protege a un potencial feminicida como Juan Vera\nCarrizal se\u00f1alado como el responsable de la agresi\u00f3n a Mar\u00eda Elena. <\/p>\n\n\n\n<p>En este sentido, record\u00f3 su insistencia\nen minimizar los casos de feminicidios y desapariciones de mujeres en la\nentidad oaxaque\u00f1a, mostrando un profundo desinter\u00e9s en dar cumplimiento al\nmandato estatal y federal de la Ley General de Acceso de las Mujeres a una Vida\nLibre de Violencia. <\/p>\n\n\n\n<p>Por lo anterior, el colectivo exigi\u00f3 la\nrenuncia del funcionario, as\u00ed como de la fiscal Especializada en Delitos contra\nla Mujer por su condici\u00f3n de G\u00e9nero, Mar\u00eda del&nbsp;\nCarmen Chi\u00f1as Salinas, quien no ha sabido responder a la responsabilidad\nque le confiere el cargo.<\/p>\n","protected":false},"excerpt":{"rendered":"<p>Evlin Arag\u00f3n\/Zona Roja. Oaxaca de Ju\u00e1rez, Oax., 16 de diciembre de 2019.- Pese a que&hellip;<\/p>\n","protected":false},"author":2,"featured_media":6717,"comment_status":"closed","ping_status":"open","sticky":false,"template":"","format":"standard","meta":{"_lmt_disableupdate":"","_lmt_disable":"","_jetpack_memberships_contains_paid_content":false,"footnotes":""},"categories":[109,47],"tags":[1144,1124],"class_list":["post-6713","post","type-post","status-publish","format-standard","has-post-thumbnail","hentry","category-minuto-a-minuto","category-zona-gris","tag-juan-antonio-vera-carrizal","tag-maria-elena-rios-ortiz"],"jetpack_featured_media_url":"https:\/\/zonaroja.com.mx\/wp-content\/uploads\/2019\/12\/Vera-Carrizal.jpg","jetpack_sharing_enabled":true,"_links":{"self":[{"href":"https:\/\/zonaroja.com.mx\/index.php?rest_route=\/wp\/v2\/posts\/6713","targetHints":{"allow":["GET"]}}],"collection":[{"href":"https:\/\/zonaroja.com.mx\/index.php?rest_route=\/wp\/v2\/posts"}],"about":[{"href":"https:\/\/zonaroja.com.mx\/index.php?rest_route=\/wp\/v2\/types\/post"}],"author":[{"embeddable":true,"href":"https:\/\/zonaroja.com.mx\/index.php?rest_route=\/wp\/v2\/users\/2"}],"replies":[{"embeddable":true,"href":"https:\/\/zonaroja.com.mx\/index.php?rest_route=%2Fwp%2Fv2%2Fcomments&post=6713"}],"version-history":[{"count":2,"href":"https:\/\/zonaroja.com.mx\/index.php?rest_route=\/wp\/v2\/posts\/6713\/revisions"}],"predecessor-version":[{"id":6719,"href":"https:\/\/zonaroja.com.mx\/index.php?rest_route=\/wp\/v2\/posts\/6713\/revisions\/6719"}],"wp:featuredmedia":[{"embeddable":true,"href":"https:\/\/zonaroja.com.mx\/index.php?rest_route=\/wp\/v2\/media\/6717"}],"wp:attachment":[{"href":"https:\/\/zonaroja.com.mx\/index.php?rest_route=%2Fwp%2Fv2%2Fmedia&parent=6713"}],"wp:term":[{"taxonomy":"category","embeddable":true,"href":"https:\/\/zonaroja.com.mx\/index.php?rest_route=%2Fwp%2Fv2%2Fcategories&post=6713"},{"taxonomy":"post_tag","embeddable":true,"href":"https:\/\/zonaroja.com.mx\/index.php?rest_route=%2Fwp%2Fv2%2Ftags&post=6713"}],"curies":[{"name":"wp","href":"https:\/\/api.w.org\/{rel}","templated":true}]}}