{"id":67131,"date":"2024-04-09T13:18:00","date_gmt":"2024-04-09T18:18:00","guid":{"rendered":"http:\/\/www.zonaroja.com.mx\/?p=67131"},"modified":"2024-04-09T08:21:04","modified_gmt":"2024-04-09T13:21:04","slug":"oaxaca-y-francia-combaten-violencia-con-musica-de-ninas-y-ninos","status":"publish","type":"post","link":"https:\/\/zonaroja.com.mx\/?p=67131","title":{"rendered":"Oaxaca y Francia combaten violencia con m\u00fasica de ni\u00f1as y ni\u00f1os"},"content":{"rendered":"\n<p>Redacci\u00f3n\/Zona Roja.&nbsp;<\/p>\n\n\n\n<p>El Coro de Air France y la&nbsp;Orquesta Sinf\u00f3nica de&nbsp;la Escuela&nbsp;de Iniciaci\u00f3n Musical Santa Cecilia&nbsp;(EIMSC)&nbsp;ofrecer\u00e1n un concierto en el teatro \u201cMacedonio Alcal\u00e1\u201d de la&nbsp;ciudad de Oaxaca, el martes 16 de abril.<\/p>\n\n\n\n<p>Posteriormente, el jueves 18 de abril, har\u00e1n lo propio en el auditorio&nbsp;\u201cSilvestre&nbsp;Revueltas\u201d&nbsp;del Conservatorio Nacional de M\u00fasica&nbsp;de la Ciudad de M\u00e9xico (Cdmx).<\/p>\n\n\n\n<p>Ambas agrupaciones art\u00edsticas pretenden conjuntar esfuerzos en la recaudaci\u00f3n de fondos para que la EIMSC continue su misi\u00f3n.<\/p>\n\n\n\n<p>La&nbsp;Escuela de Iniciaci\u00f3n Musical Santa Cecilia&nbsp;es un proyecto musical comunitario&nbsp;y&nbsp;multicultural, surgido en un contexto de exclusi\u00f3n y marginaci\u00f3n social,&nbsp;que ofrece desarrollo humano y art\u00edstico a ni\u00f1as, ni\u00f1os, adolescentes y j\u00f3venes.&nbsp;<\/p>\n\n\n\n<p>Este es&nbsp;un proyecto que genera dignificaci\u00f3n personal y comunitaria; fomenta sue\u00f1os y transforma el rostro de las personas y las colonias perif\u00e9ricas, crea esperanza, solidaridad y paz;&nbsp;y, a la vez,&nbsp;se va transformando en un semillero art\u00edstico, profesional e innovador en varios sentidos.&nbsp;<\/p>\n\n\n\n<p>PROYECTO DE 13 A\u00d1OS<\/p>\n\n\n\n<p>El Concierto pretende hacer visible el impacto personal y comunitario que la EIMSC ha generado en la Agencia Vicente Guerrero y en las colonias colindantes desde hace 13 a\u00f1os,&nbsp;ofreciendo una oportunidad de desarrollo humano y art\u00edstico en una zona densamente poblada y marginada,&nbsp;con escasas&nbsp;opciones para ni\u00f1os y j\u00f3venes.&nbsp;<\/p>\n\n\n\n<p>Desde sus inicios, los padres de familia vieron en la EIMSC\u00a0una alternativa valiosa para sus hijos frente\u00a0ala diversidad de las violencias que se generaban en la zona. Uno de ellos afirm\u00f3: \u201cLos ni\u00f1os que tocan un instrumento ya no se nos van a la calle, a la delincuencia o al crimen\u201d.\u00a0<\/p>\n\n\n\n<figure class=\"wp-block-image size-full\"><a href=\"http:\/\/www.zonaroja.com.mx\/wp-content\/uploads\/2024\/04\/Banda-Santa-Cecilia-Zaachila-Guardado.jpg\" data-rel=\"penci-gallery-image-content\" ><img decoding=\"async\" width=\"960\" height=\"640\" src=\"http:\/\/www.zonaroja.com.mx\/wp-content\/uploads\/2024\/04\/Banda-Santa-Cecilia-Zaachila-Guardado.jpg\" alt=\"\" class=\"wp-image-67132\" srcset=\"https:\/\/zonaroja.com.mx\/wp-content\/uploads\/2024\/04\/Banda-Santa-Cecilia-Zaachila-Guardado.jpg 960w, https:\/\/zonaroja.com.mx\/wp-content\/uploads\/2024\/04\/Banda-Santa-Cecilia-Zaachila-Guardado-300x200.jpg 300w, https:\/\/zonaroja.com.mx\/wp-content\/uploads\/2024\/04\/Banda-Santa-Cecilia-Zaachila-Guardado-768x512.jpg 768w, https:\/\/zonaroja.com.mx\/wp-content\/uploads\/2024\/04\/Banda-Santa-Cecilia-Zaachila-Guardado-585x390.jpg 585w, https:\/\/zonaroja.com.mx\/wp-content\/uploads\/2024\/04\/Banda-Santa-Cecilia-Zaachila-Guardado-263x175.jpg 263w\" sizes=\"(max-width: 960px) 100vw, 960px\" \/><\/a><\/figure>\n\n\n\n<p>La EIMSC est\u00e1 provocando opciones profesionales para los j\u00f3venes en diversos campos art\u00edsticos y en otras disciplinas. Hay, por ejemplo, j\u00f3venes que estudian buscando innovaciones entre m\u00fasica y discapacidad.<\/p>\n\n\n\n<p>En conglomerados&nbsp;humanos&nbsp;poblados muy recientemente,&nbsp;a lo m\u00e1s 40 a\u00f1os,&nbsp;la EIMSC ha colaborado notablemente en el tejido comunitario, pues a trav\u00e9s de sus actividades las personas se han conocido y creado relaciones de confianza, colaboraci\u00f3n&nbsp;y&nbsp;solidaridad;&nbsp;recreando ra\u00edces&nbsp;culturales como el tequio, el servicio,&nbsp;la fiesta, la m\u00fasica y el encuentro comunitario.&nbsp;<\/p>\n\n\n\n<p>Este proyecto cultural ha sido muy importante para tejer&nbsp;relaciones amistosas y fraternas&nbsp;entre&nbsp;sectores considerados como marginales socialmente (pepenadores, raperos, grafiteros, discapacitados, artesanos de alebrijes, enfermos&nbsp;y otros), no solamente colabora con la estructuraci\u00f3n de la comunidad, sino que adem\u00e1s participa para crear identidad comunitaria y reforzar las esperanzas desde lo profundo de la convivencia humana.<\/p>\n\n\n\n<p>Los v\u00ednculos de colaboraci\u00f3n que la EIMS&nbsp;ha creado en tan solo 13 a\u00f1os con personas, comunidades y organismos locales, nacionales e internaciones, unidos a la calidad de la ense\u00f1anza musical y art\u00edstica, est\u00e1n dando otro rostro a estas colonias altamente marcadas con estigmas de exclusi\u00f3n social.<\/p>\n\n\n\n<p>Por todos estos motivos, invitan al p\u00fablico en general a&nbsp;participar en&nbsp;los&nbsp;conciertos programados, en los que se interpretar\u00e1 m\u00fasica francesa, como el R\u00e9quiem de Gabriel Faur\u00e9.&nbsp;<\/p>\n\n\n\n<p>Todo lo recaudado ser\u00e1 para solventar las necesidades de infraestructura&nbsp;e&nbsp;instrumentos musicales&nbsp;de&nbsp;este proyecto comunitario, autogestivo, art\u00edstico y humano.&nbsp;<\/p>\n\n\n\n<p>Los boletos para el concierto los pueden adquirir en&nbsp;l\u00ednea en&nbsp;la siguiente liga&nbsp;Unidos por la m\u00fasica: el Coro Air France y alumnos de Santa Cecilia en concierto en Oaxaca &#8211; Escuela De Iniciaci\u00f3n Musical Santa Cecilia (donaronline.org); mayor informaci\u00f3n en los tel\u00e9fonos 951-2520087 y&nbsp;951 1048326, y en sus redes sociales.<\/p>\n","protected":false},"excerpt":{"rendered":"<p>Redacci\u00f3n\/Zona Roja.&nbsp; El Coro de Air France y la&nbsp;Orquesta Sinf\u00f3nica de&nbsp;la Escuela&nbsp;de Iniciaci\u00f3n Musical Santa&hellip;<\/p>\n","protected":false},"author":2,"featured_media":67109,"comment_status":"closed","ping_status":"open","sticky":false,"template":"","format":"standard","meta":{"_lmt_disableupdate":"","_lmt_disable":"","_jetpack_memberships_contains_paid_content":false,"footnotes":""},"categories":[109,46],"tags":[706],"class_list":["post-67131","post","type-post","status-publish","format-standard","has-post-thumbnail","hentry","category-minuto-a-minuto","category-zona-blanca","tag-banda-santa-cecilia-zaachila"],"jetpack_featured_media_url":"https:\/\/zonaroja.com.mx\/wp-content\/uploads\/2024\/04\/Conferencia-banda-Santa-Cecilia-va-a-Francia.jpg","jetpack_sharing_enabled":true,"_links":{"self":[{"href":"https:\/\/zonaroja.com.mx\/index.php?rest_route=\/wp\/v2\/posts\/67131","targetHints":{"allow":["GET"]}}],"collection":[{"href":"https:\/\/zonaroja.com.mx\/index.php?rest_route=\/wp\/v2\/posts"}],"about":[{"href":"https:\/\/zonaroja.com.mx\/index.php?rest_route=\/wp\/v2\/types\/post"}],"author":[{"embeddable":true,"href":"https:\/\/zonaroja.com.mx\/index.php?rest_route=\/wp\/v2\/users\/2"}],"replies":[{"embeddable":true,"href":"https:\/\/zonaroja.com.mx\/index.php?rest_route=%2Fwp%2Fv2%2Fcomments&post=67131"}],"version-history":[{"count":1,"href":"https:\/\/zonaroja.com.mx\/index.php?rest_route=\/wp\/v2\/posts\/67131\/revisions"}],"predecessor-version":[{"id":67133,"href":"https:\/\/zonaroja.com.mx\/index.php?rest_route=\/wp\/v2\/posts\/67131\/revisions\/67133"}],"wp:featuredmedia":[{"embeddable":true,"href":"https:\/\/zonaroja.com.mx\/index.php?rest_route=\/wp\/v2\/media\/67109"}],"wp:attachment":[{"href":"https:\/\/zonaroja.com.mx\/index.php?rest_route=%2Fwp%2Fv2%2Fmedia&parent=67131"}],"wp:term":[{"taxonomy":"category","embeddable":true,"href":"https:\/\/zonaroja.com.mx\/index.php?rest_route=%2Fwp%2Fv2%2Fcategories&post=67131"},{"taxonomy":"post_tag","embeddable":true,"href":"https:\/\/zonaroja.com.mx\/index.php?rest_route=%2Fwp%2Fv2%2Ftags&post=67131"}],"curies":[{"name":"wp","href":"https:\/\/api.w.org\/{rel}","templated":true}]}}