{"id":67134,"date":"2024-04-09T14:21:00","date_gmt":"2024-04-09T19:21:00","guid":{"rendered":"http:\/\/www.zonaroja.com.mx\/?p=67134"},"modified":"2024-04-09T08:24:21","modified_gmt":"2024-04-09T13:24:21","slug":"vinculan-a-proceso-en-oaxaca-a-un-sujeto-por-violencia-familiar-y-otro-por-homicidio","status":"publish","type":"post","link":"https:\/\/zonaroja.com.mx\/?p=67134","title":{"rendered":"Vinculan a proceso en Oaxaca a un sujeto por violencia familiar y otro por homicidio"},"content":{"rendered":"\n<p>Redacci\u00f3n\/Zona Roja.<\/p>\n\n\n\n<p>Oaxaca de Ju\u00e1rez, Oax., a 9 de abril de 2024.- La Fiscal\u00eda General del Estado de Oaxaca obtuvo auto de vinculaci\u00f3n a proceso en contra de una persona del sexo masculino identificada como A. M. L., imputado por el delito de violencia familiar, hechos ocurridos en la regi\u00f3n de la Costa.<\/p>\n\n\n\n<p>De acuerdo con el expediente penal, el 1 de abril de 2023, la v\u00edctima identificada como A.R.G., fue agredida f\u00edsicamente mientras se encontraba en su domicilio ubicado en Santiago Pinotepa Nacional.<\/p>\n\n\n\n<p>La Fiscal\u00eda General del Estado recibi\u00f3 la denuncia, por lo que a trav\u00e9s de la Vicefiscal\u00eda Regional de la Costa inici\u00f3 las indagatorias correspondientes que permitieron ejecutar la orden de aprehensi\u00f3n en contra de A. M. L., quien fue presentado ante el Juez que conoce la causa.<\/p>\n\n\n\n<p>Tras valorar las pruebas presentadas por la FGEO, el Juez determin\u00f3 vincular a proceso al imputado por el delito de violencia familiar, adem\u00e1s de otorgar un mes para el cierre de la investigaci\u00f3n.<\/p>\n\n\n\n<p>EN HUAJUAPAN&nbsp;<\/p>\n\n\n\n<p>Por otra parte, como resultado de la acci\u00f3n de los trabajos ministeriales que realiza la Fiscal\u00eda General del Estado de Oaxaca (FGEO), se obtuvo auto de vinculaci\u00f3n a proceso y prisi\u00f3n preventiva en contra una persona del sexo masculino identificada como A.C.R., o A.G.C.R., imputado por el delito de tentativa de homicidio calificado con ventaja y premeditaci\u00f3n en grado de tentativa en agravio de H.R.C., y J.R.M., hechos ocurridos en la regi\u00f3n de la Mixteca.<\/p>\n\n\n\n<p>De acuerdo con lo asentado en el expediente penal del caso, los hechos ocurrieron el 21 de junio de 2022, cuando las v\u00edctimas fueron atacadas con disparos de arma de fuego, por lo que sufrieron diversas lesiones que pusieron en peligro sus vidas, hechos ocurridos en un domicilio ubicado en la Colonia Centro en Guadalupe de Ram\u00edrez de Huajuapan de Le\u00f3n.<\/p>\n\n\n\n<p>Tras estos hechos, la FGEO inici\u00f3 las investigaciones a trav\u00e9s de la Vicefiscal\u00eda Regional de la Mixteca, gracias a las cuales se obtuvo una orden de aprehensi\u00f3n por la que detuvieron a A.C.R., o A.G.C.R., quien fue presentado ante el Juez que dict\u00f3 auto de vinculaci\u00f3n a proceso en contra del imputado, a quien impuso la medida cautelar de prisi\u00f3n preventiva.<\/p>\n\n\n\n<p>La Fiscal\u00eda General de Oaxaca refrenda su compromiso de seguir trabajando para dar resultados inmediatos y no dejar en la impunidad hechos que vulneren o atenten contra la integridad de las v\u00edctimas.<\/p>\n","protected":false},"excerpt":{"rendered":"<p>Redacci\u00f3n\/Zona Roja. Oaxaca de Ju\u00e1rez, Oax., a 9 de abril de 2024.- La Fiscal\u00eda General&hellip;<\/p>\n","protected":false},"author":2,"featured_media":62243,"comment_status":"closed","ping_status":"open","sticky":false,"template":"","format":"standard","meta":{"_lmt_disableupdate":"","_lmt_disable":"","_jetpack_memberships_contains_paid_content":false,"footnotes":""},"categories":[109,46],"tags":[494],"class_list":["post-67134","post","type-post","status-publish","format-standard","has-post-thumbnail","hentry","category-minuto-a-minuto","category-zona-blanca","tag-fiscalia-general-del-estado-de-oaxaca"],"jetpack_featured_media_url":"https:\/\/zonaroja.com.mx\/wp-content\/uploads\/2023\/11\/Prision-carcel-detenido-encarcelado.jpg","jetpack_sharing_enabled":true,"_links":{"self":[{"href":"https:\/\/zonaroja.com.mx\/index.php?rest_route=\/wp\/v2\/posts\/67134","targetHints":{"allow":["GET"]}}],"collection":[{"href":"https:\/\/zonaroja.com.mx\/index.php?rest_route=\/wp\/v2\/posts"}],"about":[{"href":"https:\/\/zonaroja.com.mx\/index.php?rest_route=\/wp\/v2\/types\/post"}],"author":[{"embeddable":true,"href":"https:\/\/zonaroja.com.mx\/index.php?rest_route=\/wp\/v2\/users\/2"}],"replies":[{"embeddable":true,"href":"https:\/\/zonaroja.com.mx\/index.php?rest_route=%2Fwp%2Fv2%2Fcomments&post=67134"}],"version-history":[{"count":1,"href":"https:\/\/zonaroja.com.mx\/index.php?rest_route=\/wp\/v2\/posts\/67134\/revisions"}],"predecessor-version":[{"id":67135,"href":"https:\/\/zonaroja.com.mx\/index.php?rest_route=\/wp\/v2\/posts\/67134\/revisions\/67135"}],"wp:featuredmedia":[{"embeddable":true,"href":"https:\/\/zonaroja.com.mx\/index.php?rest_route=\/wp\/v2\/media\/62243"}],"wp:attachment":[{"href":"https:\/\/zonaroja.com.mx\/index.php?rest_route=%2Fwp%2Fv2%2Fmedia&parent=67134"}],"wp:term":[{"taxonomy":"category","embeddable":true,"href":"https:\/\/zonaroja.com.mx\/index.php?rest_route=%2Fwp%2Fv2%2Fcategories&post=67134"},{"taxonomy":"post_tag","embeddable":true,"href":"https:\/\/zonaroja.com.mx\/index.php?rest_route=%2Fwp%2Fv2%2Ftags&post=67134"}],"curies":[{"name":"wp","href":"https:\/\/api.w.org\/{rel}","templated":true}]}}