{"id":67136,"date":"2024-04-09T12:24:00","date_gmt":"2024-04-09T17:24:00","guid":{"rendered":"http:\/\/www.zonaroja.com.mx\/?p=67136"},"modified":"2024-04-09T08:28:25","modified_gmt":"2024-04-09T13:28:25","slug":"ordena-el-ine-a-lopez-obrador-bajar-de-redes-o-modificar-varias-conferencias-matutinas","status":"publish","type":"post","link":"https:\/\/zonaroja.com.mx\/?p=67136","title":{"rendered":"Ordena el INE a L\u00f3pez Obrador bajar de redes o modificar varias conferencias matutinas"},"content":{"rendered":"\n<p>Redacci\u00f3n\/Zona Roja Cdmx.<\/p>\n\n\n\n<p>Ciudad de M\u00e9xico, a 9 de abril de 2024.- El Instituto Nacional Electoral (INE), a trav\u00e9s de su Comisi\u00f3n de Quejas y Denuncias, resolvi\u00f3 por unanimidad de votos eliminar o modificar al menos cuatro conferencias de prensa del presidente Andr\u00e9s Manuel L\u00f3pez Obrador, com\u00fanmente conocidas como \u201cma\u00f1aneras\u201d, de los d\u00edas 7, 11, 12, 13 y 22 de marzo, as\u00ed como la del 1 de abril de 2024.<\/p>\n\n\n\n<p>A trav\u00e9s de un comunicado, el \u00f3rgano electoral determin\u00f3 que, en estos casos, tanto AMLO como el gobernador de Veracruz, Cuitl\u00e1huac Garc\u00eda, vulneraron el principio de equidad e imparcialidad en la contienda electoral del 2 de junio de 2024.<\/p>\n\n\n\n<p>Fueron los partidos Acci\u00f3n Nacional (PAN) y de la Revoluci\u00f3n Democr\u00e1tica (PRD), respectivamente, quienes denunciaron al Titular del Ejecutivo Federal y a diversos funcionarios p\u00fablicos, por las manifestaciones realizadas en las conferencias de prensa matutinas celebradas los d\u00edas 7, 11, 12, 13 y 22 de marzo, as\u00ed como la del 1 de abril de 2024 en las que presuntamente se busca influir en las preferencias electorales de la ciudadan\u00eda a favor del partido pol\u00edtico Movimiento Regeneraci\u00f3n Nacional (Morena).<\/p>\n\n\n\n<p>Por ello, la Comisi\u00f3n resolvi\u00f3 que algunas expresiones realizadas en las ma\u00f1aneras de esos cinco d\u00edas, podr\u00edan vulnerar los principios de neutralidad, imparcialidad y equidad del Proceso Electoral Federal en curso, al ser de \u00edndole electoral, o bien, tener contenido de propaganda gubernamental.<\/p>\n\n\n\n<p>Por dicha raz\u00f3n \u201corden\u00f3 a los mandatarios realizar las acciones y gestiones necesarias para eliminar o modificar, de cualquiera plataforma oficial, las publicaciones que contengan los audiovisuales y\/o versiones estenogr\u00e1ficas de las conferencias motivo de an\u00e1lisis\u201d.<\/p>\n\n\n\n<p>La Comisi\u00f3n de Quejas y Denuncias del INE tambi\u00e9n dio un \u201cjal\u00f3n de orejas\u201d a AMLO al recordarle que bajo cualquier modalidad o formato, debe abstenerse de \u201crealizar manifestaciones, emitir comentarios, opiniones, o se\u00f1alamientos sobre temas electorales, ya sea de forma positiva o negativa, cuidando que su actuar se encuentre ajustado a los principios constitucionales de imparcialidad y neutralidad\u201d.<\/p>\n\n\n\n<p>TAMBI\u00c9N MC<\/p>\n\n\n\n<p>Por otro lado, Movimiento Ciudadano (MC) denunci\u00f3 al partido pol\u00edtico Futuro y a Jos\u00e9 Pedro Kumamoto Aguilar por la difusi\u00f3n del spot denominado \u201cUn futuro mejor para Zapopan\u201d, versi\u00f3n para televisi\u00f3n, al considerar que el contenido omite se\u00f1alar el cargo por el que contiende el denunciado.<\/p>\n\n\n\n<p>Al respecto, la Comisi\u00f3n concluy\u00f3 que no es posible advertir de manera gr\u00e1fica, ni auditiva que la persona que ah\u00ed aparece de forma preponderante es candidato a la presidencia municipal de Zapopan, Jalisco, postulado por la coalici\u00f3n \u201cSeguimos Haciendo Historia en Jalisco\u201d.<\/p>\n\n\n\n<p>Por lo anterior, orden\u00f3 al partido pol\u00edtico denunciado sustituir el promocional y a las concesionarias suspender su difusi\u00f3n.<\/p>\n\n\n\n<p>(Informaci\u00f3n de Infobae M\u00e9xico)<\/p>\n","protected":false},"excerpt":{"rendered":"<p>Redacci\u00f3n\/Zona Roja Cdmx. Ciudad de M\u00e9xico, a 9 de abril de 2024.- El Instituto Nacional&hellip;<\/p>\n","protected":false},"author":2,"featured_media":59870,"comment_status":"closed","ping_status":"open","sticky":false,"template":"","format":"standard","meta":{"_lmt_disableupdate":"","_lmt_disable":"","_jetpack_memberships_contains_paid_content":false,"footnotes":""},"categories":[109,47],"tags":[143],"class_list":["post-67136","post","type-post","status-publish","format-standard","has-post-thumbnail","hentry","category-minuto-a-minuto","category-zona-gris","tag-andres-manuel-lopez-obrador"],"jetpack_featured_media_url":"https:\/\/zonaroja.com.mx\/wp-content\/uploads\/2023\/09\/Lopez-Obrador.jpg","jetpack_sharing_enabled":true,"_links":{"self":[{"href":"https:\/\/zonaroja.com.mx\/index.php?rest_route=\/wp\/v2\/posts\/67136","targetHints":{"allow":["GET"]}}],"collection":[{"href":"https:\/\/zonaroja.com.mx\/index.php?rest_route=\/wp\/v2\/posts"}],"about":[{"href":"https:\/\/zonaroja.com.mx\/index.php?rest_route=\/wp\/v2\/types\/post"}],"author":[{"embeddable":true,"href":"https:\/\/zonaroja.com.mx\/index.php?rest_route=\/wp\/v2\/users\/2"}],"replies":[{"embeddable":true,"href":"https:\/\/zonaroja.com.mx\/index.php?rest_route=%2Fwp%2Fv2%2Fcomments&post=67136"}],"version-history":[{"count":1,"href":"https:\/\/zonaroja.com.mx\/index.php?rest_route=\/wp\/v2\/posts\/67136\/revisions"}],"predecessor-version":[{"id":67137,"href":"https:\/\/zonaroja.com.mx\/index.php?rest_route=\/wp\/v2\/posts\/67136\/revisions\/67137"}],"wp:featuredmedia":[{"embeddable":true,"href":"https:\/\/zonaroja.com.mx\/index.php?rest_route=\/wp\/v2\/media\/59870"}],"wp:attachment":[{"href":"https:\/\/zonaroja.com.mx\/index.php?rest_route=%2Fwp%2Fv2%2Fmedia&parent=67136"}],"wp:term":[{"taxonomy":"category","embeddable":true,"href":"https:\/\/zonaroja.com.mx\/index.php?rest_route=%2Fwp%2Fv2%2Fcategories&post=67136"},{"taxonomy":"post_tag","embeddable":true,"href":"https:\/\/zonaroja.com.mx\/index.php?rest_route=%2Fwp%2Fv2%2Ftags&post=67136"}],"curies":[{"name":"wp","href":"https:\/\/api.w.org\/{rel}","templated":true}]}}