{"id":67138,"date":"2024-04-09T15:09:00","date_gmt":"2024-04-09T20:09:00","guid":{"rendered":"http:\/\/www.zonaroja.com.mx\/?p=67138"},"modified":"2024-04-09T09:10:55","modified_gmt":"2024-04-09T14:10:55","slug":"titular-del-ieepo-viola-veda-electoral-encabeza-reuniones-proselitistas-y-difunde-obras","status":"publish","type":"post","link":"https:\/\/zonaroja.com.mx\/?p=67138","title":{"rendered":"Titular del IEEPO viola veda electoral: encabeza reuniones proselitistas y difunde obras"},"content":{"rendered":"\n<p>Yuridiana Sosa\/ Zona Roja.<\/p>\n\n\n\n<p>Oaxaca de Ju\u00e1rez, Oax., a 9 de abril de 2024.-A m\u00e1s de un a\u00f1o de la administraci\u00f3n estatal, el titular del Instituto Estatal de Educaci\u00f3n P\u00fablica de Oaxaca (IEEPO), Emilio Montero P\u00e9rez, mantiene una gesti\u00f3n llena de tropiezos en su gesti\u00f3n y ahora hasta viola las leyes electorales.<\/p>\n\n\n\n<p>En plena veda, por el proceso comicial de 2023-2024, Montero P\u00e9rez sostiene promoci\u00f3n de actividades y obras que realiza el instituto que dirige, las m\u00e1s recientes relacionadas con obras en escuelas normales en diferentes regiones de la entidad, incluso algunos en condiciones no aptas.<\/p>\n\n\n\n<p>Durante este mes, el director del IEEPO comparti\u00f3 los trabajos de la rehabilitaci\u00f3n de barda perimetral y sanitarios en la Escuela Normal Urbana Federal del Istmo (Enufi), en la regi\u00f3n del Istmo.<\/p>\n\n\n\n<p>As\u00ed como el pasado 3 abril, presumi\u00f3 en sus redes oficiales, tanto del instituto como las personales, su visita por la Escuela Normal Experimental de Teposcolula, donde se rehabilitan la plaza c\u00edvica y los sanitarios, se impermeabilizan aulas y realizan trabajos de pintura en edificios.<\/p>\n\n\n\n<p>Montero P\u00e9rez, indic\u00f3 el IEEPO, asisti\u00f3 para verificar los avances en la atenci\u00f3n a las solicitudes de la comunidad normalista, sin tratarse de obras mayores.<\/p>\n\n\n\n<p>Sin embargo, la obra relacionada al sanitario recibi\u00f3 fuertes cr\u00edticas, pues se muestra a uno de los ba\u00f1os sin divisi\u00f3n entre cada taza de ba\u00f1o.<\/p>\n\n\n\n<p>\u201cVerifiqu\u00e9 la remodelaci\u00f3n de la plaza c\u00edvica, m\u00f3dulos de sanitarios y edificios de aulas\u201d, confirm\u00f3 el director del IEEPO.<\/p>\n\n\n\n<p>Adem\u00e1s, que presumi\u00f3 su visita en la Escuela Normal Experimental de Huajuapan para supervisar trabajos de la impermeabilizaci\u00f3n de aulas, construcci\u00f3n de techado y rehabilitaci\u00f3n del sal\u00f3n de danza.<\/p>\n\n\n\n<p>A estas faltas, el titular del IEEPO tambi\u00e9n a\u00f1ade sus actividades proselitistas para la jornada electoral del pr\u00f3ximo 2 de junio.<\/p>\n\n\n\n<p>En su cuenta de Facebook public\u00f3 su encuentro pol\u00edtico con representantes de diferentes municipios del Istmo, de donde es originario.<\/p>\n\n\n\n<p>\u201cLa transformaci\u00f3n es un compromiso de todas y todos, en aras del bienestar de nuestros pueblos. Sigamos trabajando unidos por un futuro mejor para nuestras comunidades\u201d, sostuvo.&nbsp;<\/p>\n","protected":false},"excerpt":{"rendered":"<p>Yuridiana Sosa\/ Zona Roja. Oaxaca de Ju\u00e1rez, Oax., a 9 de abril de 2024.-A m\u00e1s&hellip;<\/p>\n","protected":false},"author":2,"featured_media":67139,"comment_status":"closed","ping_status":"open","sticky":false,"template":"","format":"standard","meta":{"_lmt_disableupdate":"","_lmt_disable":"","_jetpack_memberships_contains_paid_content":false,"footnotes":""},"categories":[109,47],"tags":[1829,2837],"class_list":["post-67138","post","type-post","status-publish","format-standard","has-post-thumbnail","hentry","category-minuto-a-minuto","category-zona-gris","tag-emilio-montero-perez","tag-instituto-estatal-de-educacion-publica-de-oaxaca-ieepo"],"jetpack_featured_media_url":"https:\/\/zonaroja.com.mx\/wp-content\/uploads\/2024\/04\/Emilio-Montero-obras-y-veda-electoral.jpg","jetpack_sharing_enabled":true,"_links":{"self":[{"href":"https:\/\/zonaroja.com.mx\/index.php?rest_route=\/wp\/v2\/posts\/67138","targetHints":{"allow":["GET"]}}],"collection":[{"href":"https:\/\/zonaroja.com.mx\/index.php?rest_route=\/wp\/v2\/posts"}],"about":[{"href":"https:\/\/zonaroja.com.mx\/index.php?rest_route=\/wp\/v2\/types\/post"}],"author":[{"embeddable":true,"href":"https:\/\/zonaroja.com.mx\/index.php?rest_route=\/wp\/v2\/users\/2"}],"replies":[{"embeddable":true,"href":"https:\/\/zonaroja.com.mx\/index.php?rest_route=%2Fwp%2Fv2%2Fcomments&post=67138"}],"version-history":[{"count":1,"href":"https:\/\/zonaroja.com.mx\/index.php?rest_route=\/wp\/v2\/posts\/67138\/revisions"}],"predecessor-version":[{"id":67140,"href":"https:\/\/zonaroja.com.mx\/index.php?rest_route=\/wp\/v2\/posts\/67138\/revisions\/67140"}],"wp:featuredmedia":[{"embeddable":true,"href":"https:\/\/zonaroja.com.mx\/index.php?rest_route=\/wp\/v2\/media\/67139"}],"wp:attachment":[{"href":"https:\/\/zonaroja.com.mx\/index.php?rest_route=%2Fwp%2Fv2%2Fmedia&parent=67138"}],"wp:term":[{"taxonomy":"category","embeddable":true,"href":"https:\/\/zonaroja.com.mx\/index.php?rest_route=%2Fwp%2Fv2%2Fcategories&post=67138"},{"taxonomy":"post_tag","embeddable":true,"href":"https:\/\/zonaroja.com.mx\/index.php?rest_route=%2Fwp%2Fv2%2Ftags&post=67138"}],"curies":[{"name":"wp","href":"https:\/\/api.w.org\/{rel}","templated":true}]}}