{"id":67141,"date":"2024-04-09T19:07:59","date_gmt":"2024-04-10T00:07:59","guid":{"rendered":"http:\/\/www.zonaroja.com.mx\/?p=67141"},"modified":"2024-04-09T19:08:00","modified_gmt":"2024-04-10T00:08:00","slug":"pese-a-alianza-por-la-paz-en-oaxaca-sigue-violencia-entre-transportistas","status":"publish","type":"post","link":"https:\/\/zonaroja.com.mx\/?p=67141","title":{"rendered":"Pese a alianza por la paz, en Oaxaca sigue violencia entre transportistas"},"content":{"rendered":"\n<p>Yuridiana Sosa\/ Zona Roja.<\/p>\n\n\n\n<p>Oaxaca de Ju\u00e1rez, Oax., a 9 de abril de 2024.-&nbsp; A menos de un mes de la conformaci\u00f3n de la \u201cAlianza por la paz laboral de Oaxaca\u201d, entre transportistas de diferentes sindicatos, y de mesas de di\u00e1logo en la Secretar\u00eda de Gobierno con todas las organizaciones, la violencia entre el gremio contin\u00faa.<\/p>\n\n\n\n<p>Sindicatos como la Confederaci\u00f3n de Trabajadores de M\u00e9xico (CTM) son se\u00f1alados de violentar a los agremiados que pretenden o que se salen de la organizaci\u00f3n por no estar de acuerdo con sus pr\u00e1cticas.<\/p>\n\n\n\n<p>Apenas la noche de ayer, sobre avenida Perif\u00e9rico de la capital, un grupo de taxistas, presuntamente de la CTM, protagoniz\u00f3 una ri\u00f1a, con saldo de al menos cinco descalabrados. Lo que a su vez gener\u00f3 un clima de tensi\u00f3n en la zona de alta circulaci\u00f3n vial y de personas.<\/p>\n\n\n\n<p>Pero, adem\u00e1s, transportistas de ese mismo sindicato agredieron la noche del domingo, sobre carretera federal Oaxaca-M\u00e9xico, a la altura de Santiago Suchilquitongo , a otros taxistas y mototaxistas que cambiaron de grupo ante el hartazgo de las extorsiones por parte de sus dirigentes.<\/p>\n\n\n\n<p>De acuerdo a un video difundido, el grupo agresor, alguno de sus integrantes armados con palos, &nbsp;lleg\u00f3 a la comunidad para propinar la golpiza; a uno de ellos causando lesiones graves en la cabeza.<\/p>\n\n\n\n<p>Tras la agresi\u00f3n se fueron a bordo de sus unidades del servicio de taxi for\u00e1neo- colectivo.<\/p>\n\n\n\n<figure class=\"wp-block-embed\"><div class=\"wp-block-embed__wrapper\">\nhttps:\/\/x.com\/ZonaRoja_Oaxaca\/status\/1777713232439861582\n<\/div><\/figure>\n\n\n\n<p>SUPUESTA PAZ<\/p>\n\n\n\n<p>Con la firma de acuerdo entre las organizaciones transportistas se pretend\u00eda evitar mayores conflictos sociales por el monopolio en obras y en el gremio.<\/p>\n\n\n\n<p>Incluso, el gobernador de Oaxaca, Salom\u00f3n Jara Cruz, aprob\u00f3 la alianza entre Confederaci\u00f3n Joven de M\u00e9xico y la Alianza de Sindicatos y Asociaciones del Estado de Oaxaca-CTM, un disfraz de la Confederaci\u00f3n Aut\u00f3noma de Trabajadores y Empleados de M\u00e9xico (CATEM).<\/p>\n\n\n\n<p>\u201cLo vemos con buenos ojos en t\u00e9rminos de que se re\u00fanan, &nbsp;porque anteriormente eran puro pleito, confrontaci\u00f3n y muertos\u201d, se\u00f1al\u00f3 el mandatario estatal durante su conferencia matutina el 25 de marzo, tras la firma del 20 de marzo.<\/p>\n\n\n\n<p>Jara Cruz manifest\u00f3 que con esa alianza se espera que se termine la extorsi\u00f3n, imposici\u00f3n de obras o de cualquier servicio o actividad; \u201cVamos a estar muy atentos porque siga prevaleciendo la coordinaci\u00f3n entre ellos\u201d, expres\u00f3.<\/p>\n\n\n\n<p>Para mantener esa cordialidad entre las organizaciones apunt\u00f3 que el secretario de Gobierno, Jes\u00fas Romero, se reunir\u00eda con todos, y de forma especial con los sindicatos CTM y CIT, para que \u201cya le bajen un poquito\u201d, \u201cdos rayitas\u201d \u2013a sus actos violentos y de extorsiones- , dijo el gobernador.<\/p>\n\n\n\n<figure class=\"wp-block-embed\"><div class=\"wp-block-embed__wrapper\">\nhttps:\/\/x.com\/ZonaRoja_Oaxaca\/status\/1777699927449071655\n<\/div><\/figure>\n\n\n\n<p>INDAGAR\u00c1N HECHOS<\/p>\n\n\n\n<p>Por su parte, la Secretar\u00eda de Movilidad (Semovi) del Gobierno de Oaxaca emiti\u00f3 un comunicado en que informa que citar\u00e1 a las personas operadoras y concesionarias cuya participaci\u00f3n ha sido identificada en los hechos registrados en Santiago Suchilquitongo, Etla, para iniciar el procedimiento de sanci\u00f3n correspondiente.<\/p>\n\n\n\n<p>\u201cLo anterior, ante las im\u00e1genes difundidas este lunes en redes sociales en las que se observa a un grupo de personas golpear a un hombre y se denuncia la participaci\u00f3n de operadores y unidades del transporte p\u00fablico.<\/p>\n\n\n\n<p>\u201cLa Semovi ha identificado la participaci\u00f3n de al menos cuatro unidades de motor de transporte p\u00fablico en la modalidad de taxi.<\/p>\n\n\n\n<p>\u201cCabe se\u00f1alar que las sanciones por la participaci\u00f3n en estos hechos pueden ser desde administrativas, econ\u00f3micas, retiro de la licencia, suspensi\u00f3n o revocaci\u00f3n del t\u00edtulo de concesi\u00f3n\u201d, expuso.<\/p>\n","protected":false},"excerpt":{"rendered":"<p>Yuridiana Sosa\/ Zona Roja. Oaxaca de Ju\u00e1rez, Oax., a 9 de abril de 2024.-&nbsp; A&hellip;<\/p>\n","protected":false},"author":2,"featured_media":67145,"comment_status":"closed","ping_status":"open","sticky":false,"template":"","format":"standard","meta":{"_lmt_disableupdate":"","_lmt_disable":"","_jetpack_memberships_contains_paid_content":false,"footnotes":""},"categories":[109,47],"tags":[234],"class_list":["post-67141","post","type-post","status-publish","format-standard","has-post-thumbnail","hentry","category-minuto-a-minuto","category-zona-gris","tag-transportistas-catem-y-libertad"],"jetpack_featured_media_url":"https:\/\/zonaroja.com.mx\/wp-content\/uploads\/2024\/04\/Conflicto-transportistas-Oaxaca.jpg","jetpack_sharing_enabled":true,"_links":{"self":[{"href":"https:\/\/zonaroja.com.mx\/index.php?rest_route=\/wp\/v2\/posts\/67141","targetHints":{"allow":["GET"]}}],"collection":[{"href":"https:\/\/zonaroja.com.mx\/index.php?rest_route=\/wp\/v2\/posts"}],"about":[{"href":"https:\/\/zonaroja.com.mx\/index.php?rest_route=\/wp\/v2\/types\/post"}],"author":[{"embeddable":true,"href":"https:\/\/zonaroja.com.mx\/index.php?rest_route=\/wp\/v2\/users\/2"}],"replies":[{"embeddable":true,"href":"https:\/\/zonaroja.com.mx\/index.php?rest_route=%2Fwp%2Fv2%2Fcomments&post=67141"}],"version-history":[{"count":1,"href":"https:\/\/zonaroja.com.mx\/index.php?rest_route=\/wp\/v2\/posts\/67141\/revisions"}],"predecessor-version":[{"id":67146,"href":"https:\/\/zonaroja.com.mx\/index.php?rest_route=\/wp\/v2\/posts\/67141\/revisions\/67146"}],"wp:featuredmedia":[{"embeddable":true,"href":"https:\/\/zonaroja.com.mx\/index.php?rest_route=\/wp\/v2\/media\/67145"}],"wp:attachment":[{"href":"https:\/\/zonaroja.com.mx\/index.php?rest_route=%2Fwp%2Fv2%2Fmedia&parent=67141"}],"wp:term":[{"taxonomy":"category","embeddable":true,"href":"https:\/\/zonaroja.com.mx\/index.php?rest_route=%2Fwp%2Fv2%2Fcategories&post=67141"},{"taxonomy":"post_tag","embeddable":true,"href":"https:\/\/zonaroja.com.mx\/index.php?rest_route=%2Fwp%2Fv2%2Ftags&post=67141"}],"curies":[{"name":"wp","href":"https:\/\/api.w.org\/{rel}","templated":true}]}}