{"id":67147,"date":"2024-04-09T20:22:33","date_gmt":"2024-04-10T01:22:33","guid":{"rendered":"http:\/\/www.zonaroja.com.mx\/?p=67147"},"modified":"2024-04-09T20:22:34","modified_gmt":"2024-04-10T01:22:34","slug":"otro-caso-de-maltrato-animal-por-automovilista-que-huye-exigen-justicia","status":"publish","type":"post","link":"https:\/\/zonaroja.com.mx\/?p=67147","title":{"rendered":"Otro caso de maltrato animal por automovilista que huye; exigen justicia"},"content":{"rendered":"\n<p>Yuridiana Sosa\/ Zona Roja.<\/p>\n\n\n\n<p>Oaxaca de Ju\u00e1rez, Oax., a 9 de abril de 2024.- Con alevos\u00eda y ventaja, el perrito \u201cYooko Shiro\u201d, de raza bich\u00f3n malt\u00e9s, fue arrollado en la Ex Garita en Santa Cruz Xoxocotl\u00e1n, el pasado 30 de marzo, y debido a las lesiones muri\u00f3, denunci\u00f3 la due\u00f1a, quien pide a la poblaci\u00f3n informaci\u00f3n de dar con el responsable y pague con c\u00e1rcel el delito.<\/p>\n\n\n\n<p>En conferencia de prensa en el z\u00f3calo de la ciudad de Oaxaca, la propietaria del can, Reyna Isabel Esteva Arellanes, se\u00f1al\u00f3 que el conductor de una camioneta tipo Explorer color blanco se fue contra el animalito con toda la intenci\u00f3n de atropellarlo debido a que la calle Reforma, donde ocurri\u00f3 el accidente, es de subida.<\/p>\n\n\n\n<p>Apunt\u00f3 que su mascota, a quien adopt\u00f3 y rescat\u00f3 hace nueve a\u00f1os, result\u00f3 con exposici\u00f3n de ambos ojos, fractura de mand\u00edbula y cuello, por lo que fue internado en una cl\u00ednica veterinaria durante 24 horas.<\/p>\n\n\n\n<p>El estado de \u201cYooko Shiro\u201d era muy delicado, y en caso de recuperarse tendr\u00eda una baja calidad de vida, por lo que la decidi\u00f3 aplicarle la eutanasia animal.<\/p>\n\n\n\n<p>La tambi\u00e9n activista, defensora de animales, dijo que minutos antes del hecho, \u201cYooko Shiro\u201d sali\u00f3 corriendo de casa debido a que se asust\u00f3 por los cohetes que lanzaron en una calenda.<\/p>\n\n\n\n<p>Agreg\u00f3 que intent\u00f3 alcanzarla, pero se atras\u00f3 para resguardar a otras dos mascotas que tambi\u00e9n intentaron salir.<\/p>\n\n\n\n<p>Al llegar al lugar, su mascota se encontraba en un estado cr\u00edtico, y fue gracias a unas c\u00e1maras de vigilancia como pudo conocer sobre el hecho.<\/p>\n\n\n\n<p>Reyna Isabel Esteva Arellanes demand\u00f3 justicia por su mascota, por lo que presentar\u00e1 ante la Fiscal\u00eda General del Estado la denuncia correspondiente, pero quiere hacerlo con los datos y elementos suficientes que logren dar con el responsable.<\/p>\n\n\n\n<p>Por ello solicit\u00f3 a la comunidad su apoyo para brindar informaci\u00f3n \u00fatil para agilizar las investigaciones.<\/p>\n\n\n\n<p>\u201cQue esta persona pague con c\u00e1rcel, lo que me pueda pagar por mi perro no va a revivirlo, no va a recuperar el cari\u00f1o que ese perrito me dio por nueve a\u00f1os\u201d, expres\u00f3 la rescatistas de animales.<\/p>\n\n\n\n<p>OTRO CASO<\/p>\n\n\n\n<p>En febrero defensores de animales denunciaron y se manifestaron por el atropellamiento del perrito \u201cCoco\u201d en los accesos de la Universidad Regional del Sureste (URSE), en San Sebasti\u00e1n Tutla, &nbsp;por parte de alumnas que se dieron a la fuga.<\/p>\n\n\n\n<p>Los activistas exigieron justicia por el can, quien qued\u00f3 inmovilizado en la mitad de su cuerpo.<\/p>\n","protected":false},"excerpt":{"rendered":"<p>Yuridiana Sosa\/ Zona Roja. Oaxaca de Ju\u00e1rez, Oax., a 9 de abril de 2024.- Con&hellip;<\/p>\n","protected":false},"author":2,"featured_media":67148,"comment_status":"closed","ping_status":"open","sticky":false,"template":"","format":"standard","meta":{"_lmt_disableupdate":"","_lmt_disable":"","_jetpack_memberships_contains_paid_content":false,"footnotes":""},"categories":[109,47],"tags":[869],"class_list":["post-67147","post","type-post","status-publish","format-standard","has-post-thumbnail","hentry","category-minuto-a-minuto","category-zona-gris","tag-maltrato-animal-oaxaca"],"jetpack_featured_media_url":"https:\/\/zonaroja.com.mx\/wp-content\/uploads\/2024\/04\/Perro-atropellado-en-Xoxocotlan.jpg","jetpack_sharing_enabled":true,"_links":{"self":[{"href":"https:\/\/zonaroja.com.mx\/index.php?rest_route=\/wp\/v2\/posts\/67147","targetHints":{"allow":["GET"]}}],"collection":[{"href":"https:\/\/zonaroja.com.mx\/index.php?rest_route=\/wp\/v2\/posts"}],"about":[{"href":"https:\/\/zonaroja.com.mx\/index.php?rest_route=\/wp\/v2\/types\/post"}],"author":[{"embeddable":true,"href":"https:\/\/zonaroja.com.mx\/index.php?rest_route=\/wp\/v2\/users\/2"}],"replies":[{"embeddable":true,"href":"https:\/\/zonaroja.com.mx\/index.php?rest_route=%2Fwp%2Fv2%2Fcomments&post=67147"}],"version-history":[{"count":1,"href":"https:\/\/zonaroja.com.mx\/index.php?rest_route=\/wp\/v2\/posts\/67147\/revisions"}],"predecessor-version":[{"id":67149,"href":"https:\/\/zonaroja.com.mx\/index.php?rest_route=\/wp\/v2\/posts\/67147\/revisions\/67149"}],"wp:featuredmedia":[{"embeddable":true,"href":"https:\/\/zonaroja.com.mx\/index.php?rest_route=\/wp\/v2\/media\/67148"}],"wp:attachment":[{"href":"https:\/\/zonaroja.com.mx\/index.php?rest_route=%2Fwp%2Fv2%2Fmedia&parent=67147"}],"wp:term":[{"taxonomy":"category","embeddable":true,"href":"https:\/\/zonaroja.com.mx\/index.php?rest_route=%2Fwp%2Fv2%2Fcategories&post=67147"},{"taxonomy":"post_tag","embeddable":true,"href":"https:\/\/zonaroja.com.mx\/index.php?rest_route=%2Fwp%2Fv2%2Ftags&post=67147"}],"curies":[{"name":"wp","href":"https:\/\/api.w.org\/{rel}","templated":true}]}}