{"id":67150,"date":"2024-04-09T21:56:40","date_gmt":"2024-04-10T02:56:40","guid":{"rendered":"http:\/\/www.zonaroja.com.mx\/?p=67150"},"modified":"2024-04-09T21:56:42","modified_gmt":"2024-04-10T02:56:42","slug":"decapitan-y-descuartizan-a-un-joven-en-municipio-istmeno-de-oaxaca","status":"publish","type":"post","link":"https:\/\/zonaroja.com.mx\/?p=67150","title":{"rendered":"Decapitan y descuartizan a un joven en municipio istme\u00f1o de Oaxaca"},"content":{"rendered":"\n<p>Raymundo Morales\/Zona Roja.<\/p>\n\n\n\n<p>Oaxaca de Ju\u00e1rez, Oax., a 9 de abril de 2024.- Un joven de aproximadamente 18 a\u00f1os de edad fue ejecutado, decapitado y descuartizado, en San Juan Guichicovi, municipio de la zona norte del Istmo de Tehuantepec, Oaxaca.<\/p>\n\n\n\n<p>Los hechos ocurrieron la ma\u00f1ana de hoy en un domicilio de la localidad Estaci\u00f3n Sarabia, en cuyo patio dejaron el cuerpo, ante la mirada del padre de familia.<\/p>\n\n\n\n<p>La cabeza de la v\u00edctima, identificada de manera preliminar como Miguel \u00c1ngel \u201cN\u201d, se hall\u00f3 en un tambo, mientras que los dem\u00e1s restos se hallaron regados en el patio de la casa.&nbsp;<\/p>\n\n\n\n<p>Hasta el momento se desconoce qui\u00e9n o qui\u00e9nes lo privaron de la vida con sa\u00f1a y el caso ya es investigado por la Fiscal\u00eda General del Estado de Oaxaca.<\/p>\n\n\n\n<p>EN LA CAPITAL<\/p>\n\n\n\n<p>Por otra parte, alrededor del mediod\u00eda se suscit\u00f3 un ataque armado en un domicilio de la agencia San Mart\u00edn Mexic\u00e1pam, perteneciente al municipio de Oaxaca de Ju\u00e1rez.<\/p>\n\n\n\n<p>Los hechos sucedieron en una vulcanizado denominada \u201cGalgos de Oro\u201d, ubicado en la calle Play de Ayutla de la colonia Hidalgo.<\/p>\n\n\n\n<p>Las v\u00edctimas fueron identificadas como Delfino B. H., de 68 a\u00f1os de edad, y Jacinto H. A., de 62 a\u00f1os, y hasta el momento se desconoce la identidad de los agresores, pues lograron huir, as\u00ed como el m\u00f3vil del ataque.<\/p>\n\n\n\n<p>Las dos v\u00edctimas presuntamente se negaron a ser trasladadas a un nosocomio y hasta esta noche se desconoce su estado de salud.<\/p>\n\n\n\n<figure class=\"wp-block-embed\"><div class=\"wp-block-embed__wrapper\">\nhttps:\/\/x.com\/ZonaRoja_Oaxaca\/status\/1777771763365183636\n<\/div><\/figure>\n","protected":false},"excerpt":{"rendered":"<p>Raymundo Morales\/Zona Roja. Oaxaca de Ju\u00e1rez, Oax., a 9 de abril de 2024.- Un joven&hellip;<\/p>\n","protected":false},"author":2,"featured_media":67143,"comment_status":"closed","ping_status":"open","sticky":false,"template":"","format":"standard","meta":{"_lmt_disableupdate":"","_lmt_disable":"","_jetpack_memberships_contains_paid_content":false,"footnotes":""},"categories":[109,51],"tags":[699],"class_list":["post-67150","post","type-post","status-publish","format-standard","has-post-thumbnail","hentry","category-minuto-a-minuto","category-zona-roja","tag-san-juan-guichicovi"],"jetpack_featured_media_url":"https:\/\/zonaroja.com.mx\/wp-content\/uploads\/2024\/04\/Ejecutado-y-descuartizado-San-Juan-Guichicovi.jpg","jetpack_sharing_enabled":true,"_links":{"self":[{"href":"https:\/\/zonaroja.com.mx\/index.php?rest_route=\/wp\/v2\/posts\/67150","targetHints":{"allow":["GET"]}}],"collection":[{"href":"https:\/\/zonaroja.com.mx\/index.php?rest_route=\/wp\/v2\/posts"}],"about":[{"href":"https:\/\/zonaroja.com.mx\/index.php?rest_route=\/wp\/v2\/types\/post"}],"author":[{"embeddable":true,"href":"https:\/\/zonaroja.com.mx\/index.php?rest_route=\/wp\/v2\/users\/2"}],"replies":[{"embeddable":true,"href":"https:\/\/zonaroja.com.mx\/index.php?rest_route=%2Fwp%2Fv2%2Fcomments&post=67150"}],"version-history":[{"count":1,"href":"https:\/\/zonaroja.com.mx\/index.php?rest_route=\/wp\/v2\/posts\/67150\/revisions"}],"predecessor-version":[{"id":67151,"href":"https:\/\/zonaroja.com.mx\/index.php?rest_route=\/wp\/v2\/posts\/67150\/revisions\/67151"}],"wp:featuredmedia":[{"embeddable":true,"href":"https:\/\/zonaroja.com.mx\/index.php?rest_route=\/wp\/v2\/media\/67143"}],"wp:attachment":[{"href":"https:\/\/zonaroja.com.mx\/index.php?rest_route=%2Fwp%2Fv2%2Fmedia&parent=67150"}],"wp:term":[{"taxonomy":"category","embeddable":true,"href":"https:\/\/zonaroja.com.mx\/index.php?rest_route=%2Fwp%2Fv2%2Fcategories&post=67150"},{"taxonomy":"post_tag","embeddable":true,"href":"https:\/\/zonaroja.com.mx\/index.php?rest_route=%2Fwp%2Fv2%2Ftags&post=67150"}],"curies":[{"name":"wp","href":"https:\/\/api.w.org\/{rel}","templated":true}]}}