{"id":67152,"date":"2024-04-09T22:53:36","date_gmt":"2024-04-10T03:53:36","guid":{"rendered":"http:\/\/www.zonaroja.com.mx\/?p=67152"},"modified":"2024-04-09T22:53:38","modified_gmt":"2024-04-10T03:53:38","slug":"pide-candidata-del-pan-a-lopez-obrador-respetar-veda-electoral","status":"publish","type":"post","link":"https:\/\/zonaroja.com.mx\/?p=67152","title":{"rendered":"Pide candidata del PAN a L\u00f3pez Obrador respetar veda electoral"},"content":{"rendered":"\n<p>Redacci\u00f3n\/Zona Roja.<\/p>\n\n\n\n<p>Oaxaca de Ju\u00e1rez, Oax., a 9 de abril de 2024.- La candidata del PAN al Senado, Abigail Castellanos, se pronunci\u00f3 porque la Presidencia de la Rep\u00fablica y las autoridades estatales respeten la veda electoral y no hagan promoci\u00f3n ilegal de programas y recursos p\u00fablicos.<\/p>\n\n\n\n<p>Lo anterior, explic\u00f3 se debe a las medidas cautelares que otorg\u00f3 el Instituto Nacional Electoral respecto a violaciones cometidas por el Presidente de la Rep\u00fablica Andr\u00e9s Manuel L\u00f3pez Obrador durante una de sus \u201cma\u00f1aneras\u201d.<\/p>\n\n\n\n<p>La candidata al Senado precis\u00f3 que durante la llamada \u201cma\u00f1anera\u201d el Ejecutivo Federal anunci\u00f3 un programa social y hasta el presupuesto p\u00fablico que destinar\u00eda.<\/p>\n\n\n\n<p>\u201cEstamos hablando de los apoyos de 110 d\u00f3lares que supuestamente dar\u00eda el gobierno federal para j\u00f3venes migrantes extranjeros\u201d.<\/p>\n\n\n\n<p>Con fecha 31 de marzo del presente a\u00f1o, se otorgaron medidas cautelares con respecto a violaciones cometidas por el Presidente de la Rep\u00fablica Andr\u00e9s Manuel L\u00f3pez Obrador.<\/p>\n\n\n\n<p>Lo anterior, transgrede los art\u00edculos 41 y 134 de la Constituci\u00f3n Pol\u00edtica de M\u00e9xico por violar los principios de imparcialidad, equidad y neutralidad que deben observarse en los procesos electorales.<\/p>\n\n\n\n<p>Ante el recurso solicitado, el INE orden\u00f3 en un plazo de seis horas para que eliminara o modificara las publicaciones que contienen esa ma\u00f1anera.<\/p>\n\n\n\n<p>Adem\u00e1s se le instruy\u00f3 para que el presidente AMLO se abstenga de difundir cualquier propaganda gubernamental que no este permitida por la Constituci\u00f3n y la ley.<\/p>\n","protected":false},"excerpt":{"rendered":"<p>Redacci\u00f3n\/Zona Roja. Oaxaca de Ju\u00e1rez, Oax., a 9 de abril de 2024.- La candidata del&hellip;<\/p>\n","protected":false},"author":2,"featured_media":67153,"comment_status":"closed","ping_status":"open","sticky":false,"template":"","format":"standard","meta":{"_lmt_disableupdate":"","_lmt_disable":"","_jetpack_memberships_contains_paid_content":false,"footnotes":""},"categories":[109,47],"tags":[],"class_list":["post-67152","post","type-post","status-publish","format-standard","has-post-thumbnail","hentry","category-minuto-a-minuto","category-zona-gris"],"jetpack_featured_media_url":"https:\/\/zonaroja.com.mx\/wp-content\/uploads\/2024\/04\/Candidata-Abigail-Vasconcelos.jpg","jetpack_sharing_enabled":true,"_links":{"self":[{"href":"https:\/\/zonaroja.com.mx\/index.php?rest_route=\/wp\/v2\/posts\/67152","targetHints":{"allow":["GET"]}}],"collection":[{"href":"https:\/\/zonaroja.com.mx\/index.php?rest_route=\/wp\/v2\/posts"}],"about":[{"href":"https:\/\/zonaroja.com.mx\/index.php?rest_route=\/wp\/v2\/types\/post"}],"author":[{"embeddable":true,"href":"https:\/\/zonaroja.com.mx\/index.php?rest_route=\/wp\/v2\/users\/2"}],"replies":[{"embeddable":true,"href":"https:\/\/zonaroja.com.mx\/index.php?rest_route=%2Fwp%2Fv2%2Fcomments&post=67152"}],"version-history":[{"count":1,"href":"https:\/\/zonaroja.com.mx\/index.php?rest_route=\/wp\/v2\/posts\/67152\/revisions"}],"predecessor-version":[{"id":67154,"href":"https:\/\/zonaroja.com.mx\/index.php?rest_route=\/wp\/v2\/posts\/67152\/revisions\/67154"}],"wp:featuredmedia":[{"embeddable":true,"href":"https:\/\/zonaroja.com.mx\/index.php?rest_route=\/wp\/v2\/media\/67153"}],"wp:attachment":[{"href":"https:\/\/zonaroja.com.mx\/index.php?rest_route=%2Fwp%2Fv2%2Fmedia&parent=67152"}],"wp:term":[{"taxonomy":"category","embeddable":true,"href":"https:\/\/zonaroja.com.mx\/index.php?rest_route=%2Fwp%2Fv2%2Fcategories&post=67152"},{"taxonomy":"post_tag","embeddable":true,"href":"https:\/\/zonaroja.com.mx\/index.php?rest_route=%2Fwp%2Fv2%2Ftags&post=67152"}],"curies":[{"name":"wp","href":"https:\/\/api.w.org\/{rel}","templated":true}]}}