{"id":67155,"date":"2024-04-10T07:39:29","date_gmt":"2024-04-10T12:39:29","guid":{"rendered":"http:\/\/www.zonaroja.com.mx\/?p=67155"},"modified":"2024-04-10T07:39:31","modified_gmt":"2024-04-10T12:39:31","slug":"asesinan-a-balazos-a-dos-individuos-en-la-cdmx-uno-es-funcionario-electoral","status":"publish","type":"post","link":"https:\/\/zonaroja.com.mx\/?p=67155","title":{"rendered":"Asesinan a balazos a dos individuos en la Cdmx, uno es funcionario electoral"},"content":{"rendered":"\n<p>Redacci\u00f3n\/Zona Roja Cdmx.<\/p>\n\n\n\n<p>Ciudad de M\u00e9xico, a 10 de abril de 2024.- La tarde de este martes, se report\u00f3 que dos funcionarios del Tribunal Electoral del Poder Judicial de la Federaci\u00f3n (TEPJF) fueron asesinados en calles de la zona sur de la Ciudad de M\u00e9xico.<\/p>\n\n\n\n<p>De acuerdo con informaci\u00f3n preliminar, se trata de Jos\u00e9 Daniel \u201cB\u201d e Irvin Joel \u201cB\u201d, de 32 y 33 a\u00f1os, quienes fallecieron rumbo al hospital luego de ser atacados a balazos por dos sujetos abordo de una motocicleta.<\/p>\n\n\n\n<p>Adem\u00e1s, al interior del veh\u00edculo en el que viajaban, hab\u00eda otro tripulante quien result\u00f3 ileso en los asientos traseros.<\/p>\n\n\n\n<p>A su vez, una de las v\u00edctimas ser\u00eda el ch\u00f3fer del director de comunicaci\u00f3n del TEPJF: Eduardo del R\u00edo.<\/p>\n\n\n\n<p>Fue el sobreviviente quien solicit\u00f3 ayuda a los vecinos en calles de la alcald\u00eda Xochimilco, en la calle Morelos, donde polic\u00edas del Sector La Noria les auxiliaron.<\/p>\n\n\n\n<p>Hasta el momento se desconoce el motivo por el que los sujetos abordo de la motocicleta dispararon en contra de los funcionarios del TEPJF.<\/p>\n\n\n\n<p>Tambi\u00e9n se filtr\u00f3 informaci\u00f3n acerca de que los funcionarios pertenecer\u00edan, en realidad, al Instituto Nacional Electoral (INE).<\/p>\n\n\n\n<p>Sin embargo, preliminarmente se sabe que los tripulantes del veh\u00edculo inger\u00edan bebidas alcoh\u00f3licas dentro del autom\u00f3vil.<\/p>\n\n\n\n<p>Debido al ataque a balazos, una de las v\u00edctimas fue alcanzada por las balas en la zona de la cabeza; mientras que el copiloto recibi\u00f3 tres disparos en a espalda y uno m\u00e1s en el cuello.<\/p>\n\n\n\n<p>Aunque ambos heridos durante el ataque consiguieron ingresar con vida al Hospital Materno-Infantil de Xochimilco, ambos perdieron la vida cuando recib\u00edan las primeras atenciones.<\/p>\n\n\n\n<p>Por este delito, la Fiscal\u00eda de Investigaci\u00f3n Territorial XOC-2 donde se inici\u00f3 la carpeta de investigaci\u00f3n&nbsp;CI-FICOX\/UAT-XO-2\/UI-1 S\/D\/01380\/04-2024, por homicidio doloso por arma de fuego.<\/p>\n\n\n\n<p>Mientras tanto, los atacantes permanecen pr\u00f3fugos en tanto videos del C-2 Oriente revelaron que huyeron por la calle Matamoros y continuaron sobre Camino Viejo a Santa Cruz con direcci\u00f3n Oriente.<\/p>\n\n\n\n<p>(Informaci\u00f3n de Reporte \u00cdndigo)<\/p>\n","protected":false},"excerpt":{"rendered":"<p>Redacci\u00f3n\/Zona Roja Cdmx. Ciudad de M\u00e9xico, a 10 de abril de 2024.- La tarde de&hellip;<\/p>\n","protected":false},"author":2,"featured_media":67156,"comment_status":"closed","ping_status":"open","sticky":false,"template":"","format":"standard","meta":{"_lmt_disableupdate":"","_lmt_disable":"","_jetpack_memberships_contains_paid_content":false,"footnotes":""},"categories":[109,51],"tags":[1746],"class_list":["post-67155","post","type-post","status-publish","format-standard","has-post-thumbnail","hentry","category-minuto-a-minuto","category-zona-roja","tag-violencia-en-mexico"],"jetpack_featured_media_url":"https:\/\/zonaroja.com.mx\/wp-content\/uploads\/2024\/04\/Asesinados-chofer-Tribunal-Electoral-cdmx.jpeg","jetpack_sharing_enabled":true,"_links":{"self":[{"href":"https:\/\/zonaroja.com.mx\/index.php?rest_route=\/wp\/v2\/posts\/67155","targetHints":{"allow":["GET"]}}],"collection":[{"href":"https:\/\/zonaroja.com.mx\/index.php?rest_route=\/wp\/v2\/posts"}],"about":[{"href":"https:\/\/zonaroja.com.mx\/index.php?rest_route=\/wp\/v2\/types\/post"}],"author":[{"embeddable":true,"href":"https:\/\/zonaroja.com.mx\/index.php?rest_route=\/wp\/v2\/users\/2"}],"replies":[{"embeddable":true,"href":"https:\/\/zonaroja.com.mx\/index.php?rest_route=%2Fwp%2Fv2%2Fcomments&post=67155"}],"version-history":[{"count":1,"href":"https:\/\/zonaroja.com.mx\/index.php?rest_route=\/wp\/v2\/posts\/67155\/revisions"}],"predecessor-version":[{"id":67157,"href":"https:\/\/zonaroja.com.mx\/index.php?rest_route=\/wp\/v2\/posts\/67155\/revisions\/67157"}],"wp:featuredmedia":[{"embeddable":true,"href":"https:\/\/zonaroja.com.mx\/index.php?rest_route=\/wp\/v2\/media\/67156"}],"wp:attachment":[{"href":"https:\/\/zonaroja.com.mx\/index.php?rest_route=%2Fwp%2Fv2%2Fmedia&parent=67155"}],"wp:term":[{"taxonomy":"category","embeddable":true,"href":"https:\/\/zonaroja.com.mx\/index.php?rest_route=%2Fwp%2Fv2%2Fcategories&post=67155"},{"taxonomy":"post_tag","embeddable":true,"href":"https:\/\/zonaroja.com.mx\/index.php?rest_route=%2Fwp%2Fv2%2Ftags&post=67155"}],"curies":[{"name":"wp","href":"https:\/\/api.w.org\/{rel}","templated":true}]}}