{"id":67167,"date":"2024-04-10T12:18:00","date_gmt":"2024-04-10T17:18:00","guid":{"rendered":"http:\/\/www.zonaroja.com.mx\/?p=67167"},"modified":"2024-04-10T08:30:01","modified_gmt":"2024-04-10T13:30:01","slug":"dan-20-anos-de-prision-a-sujeto-que-violo-a-una-adolescente-en-santa-cruz-xitla","status":"publish","type":"post","link":"https:\/\/zonaroja.com.mx\/?p=67167","title":{"rendered":"Dan 20 a\u00f1os de prisi\u00f3n a sujeto que viol\u00f3 a una adolescente en Santa Cruz Xitla"},"content":{"rendered":"\n<p>Redacci\u00f3n\/Zona Roja.<\/p>\n\n\n\n<p>Oaxaca de Ju\u00e1rez, Oax., a 10 de abril de 2024.- El trabajo ministerial con perspectiva de g\u00e9nero e infancia y adolescencia que realiza la Fiscal\u00eda General del Estado de Oaxaca (FGEO), permiti\u00f3 la obtenci\u00f3n de una sentencia condenatoria de 20 a\u00f1os de prisi\u00f3n en contra de una persona del sexo masculino identificado como M.A.C., responsable del delito de Violaci\u00f3n Tumultuaria cometida en agravio de una adolescente, hechos ocurridos en la regi\u00f3n de la Sierra Sur.<\/p>\n\n\n\n<p>Conforme a lo establecido en el expediente penal del caso, la agresi\u00f3n sexual ocurri\u00f3 el 13 de enero de 2020, cuando la v\u00edctima (cuya identidad est\u00e1 reservada por ley) se encontraba en calles de la poblaci\u00f3n de Santa Cruz Xitla, del municipio de Miahuatl\u00e1n de Porfirio D\u00edaz, lugar en donde la intercept\u00f3 el imputado junto con otra persona para despu\u00e9s agredirla de manera sexual.<\/p>\n\n\n\n<p>Tras la denuncia de la v\u00edctima, la FGEO inici\u00f3 una exhaustiva investigaci\u00f3n a trav\u00e9s de la Vicefiscal\u00eda General de Control Regional, que le permiti\u00f3 aprender y presentar ante el Juez de la causa al imputado.<\/p>\n\n\n\n<p>Luego de valorar los datos de prueba presentados por la Fiscal\u00eda de Oaxaca, el Juez que atiende la causa dict\u00f3 sentencia condenatoria de 20 a\u00f1os de prisi\u00f3n en contra de M.A.C., por su responsabilidad en la comisi\u00f3n del delito de Violaci\u00f3n Tumultuaria, asimismo, impuso una multa econ\u00f3mica y el pago por reparaci\u00f3n de da\u00f1o.<\/p>\n\n\n\n<p>NARCOMENUDISTA DETENIDO<\/p>\n\n\n\n<p>En otro caso y derivado de los trabajos de inteligencia, la Fiscal\u00eda General detuvo a una persona del sexo masculino identificada como E.F.L., por el delito contra la salud en modalidad de narcomenudeo en su hip\u00f3tesis de posesi\u00f3n de metanfetaminas, droga com\u00fanmente conocida como cristal.<\/p>\n\n\n\n<p>La detenci\u00f3n se realiz\u00f3 en calles de Puerto Escondido, en el municipio de San Pedro Mixtepec, en la regi\u00f3n de la Costa, por elementos de la Agencia Estatal de Investigaciones (AEI), al implementar recorridos como parte de la estrategia para la prevenci\u00f3n y disuasi\u00f3n de los delitos en la zona, observaron a un individuo que, al percatarse de la presencia policial, comenz\u00f3 a correr, por lo que fue alcanzado y conforme a derecho se le efectu\u00f3 una inspecci\u00f3n.<\/p>\n\n\n\n<p>Al llevar a cabo la revisi\u00f3n de rutina, los elementos de la AEI hallaron dentro de sus pertenencias diferentes dosis de sustancias similares a la droga conocida como cristal.<\/p>\n\n\n\n<p>Por estos hechos, fue detenido y presentado ante el Ministerio P\u00fablico adscrito a la Vicefiscal\u00eda Regional de la Costa, que se hace cargo de las investigaciones del caso para establecer el nivel de responsabilidad en la comisi\u00f3n de este delito.<\/p>\n\n\n\n<p>Para la Fiscal\u00eda General de Oaxaca, el combate a la venta y distribuci\u00f3n de drogas en su modalidad de narcomenudeo, forma parte de la estrategia de seguridad que realizan para garantizar una eficaz procuraci\u00f3n de justicia en la entidad.<\/p>\n","protected":false},"excerpt":{"rendered":"<p>Redacci\u00f3n\/Zona Roja. Oaxaca de Ju\u00e1rez, Oax., a 10 de abril de 2024.- El trabajo ministerial&hellip;<\/p>\n","protected":false},"author":2,"featured_media":61100,"comment_status":"closed","ping_status":"open","sticky":false,"template":"","format":"standard","meta":{"_lmt_disableupdate":"","_lmt_disable":"","_jetpack_memberships_contains_paid_content":false,"footnotes":""},"categories":[109,46],"tags":[494],"class_list":["post-67167","post","type-post","status-publish","format-standard","has-post-thumbnail","hentry","category-minuto-a-minuto","category-zona-blanca","tag-fiscalia-general-del-estado-de-oaxaca"],"jetpack_featured_media_url":"https:\/\/zonaroja.com.mx\/wp-content\/uploads\/2023\/10\/Carcel-prision-3.jpeg","jetpack_sharing_enabled":true,"_links":{"self":[{"href":"https:\/\/zonaroja.com.mx\/index.php?rest_route=\/wp\/v2\/posts\/67167","targetHints":{"allow":["GET"]}}],"collection":[{"href":"https:\/\/zonaroja.com.mx\/index.php?rest_route=\/wp\/v2\/posts"}],"about":[{"href":"https:\/\/zonaroja.com.mx\/index.php?rest_route=\/wp\/v2\/types\/post"}],"author":[{"embeddable":true,"href":"https:\/\/zonaroja.com.mx\/index.php?rest_route=\/wp\/v2\/users\/2"}],"replies":[{"embeddable":true,"href":"https:\/\/zonaroja.com.mx\/index.php?rest_route=%2Fwp%2Fv2%2Fcomments&post=67167"}],"version-history":[{"count":1,"href":"https:\/\/zonaroja.com.mx\/index.php?rest_route=\/wp\/v2\/posts\/67167\/revisions"}],"predecessor-version":[{"id":67168,"href":"https:\/\/zonaroja.com.mx\/index.php?rest_route=\/wp\/v2\/posts\/67167\/revisions\/67168"}],"wp:featuredmedia":[{"embeddable":true,"href":"https:\/\/zonaroja.com.mx\/index.php?rest_route=\/wp\/v2\/media\/61100"}],"wp:attachment":[{"href":"https:\/\/zonaroja.com.mx\/index.php?rest_route=%2Fwp%2Fv2%2Fmedia&parent=67167"}],"wp:term":[{"taxonomy":"category","embeddable":true,"href":"https:\/\/zonaroja.com.mx\/index.php?rest_route=%2Fwp%2Fv2%2Fcategories&post=67167"},{"taxonomy":"post_tag","embeddable":true,"href":"https:\/\/zonaroja.com.mx\/index.php?rest_route=%2Fwp%2Fv2%2Ftags&post=67167"}],"curies":[{"name":"wp","href":"https:\/\/api.w.org\/{rel}","templated":true}]}}