{"id":67176,"date":"2024-04-10T16:54:00","date_gmt":"2024-04-10T21:54:00","guid":{"rendered":"http:\/\/www.zonaroja.com.mx\/?p=67176"},"modified":"2024-04-10T08:57:08","modified_gmt":"2024-04-10T13:57:08","slug":"crecen-agresiones-contra-periodistas-que-cubren-temas-del-medio-ambiente","status":"publish","type":"post","link":"https:\/\/zonaroja.com.mx\/?p=67176","title":{"rendered":"Crecen agresiones contra periodistas que cubren temas del medio ambiente"},"content":{"rendered":"\n<p>Redacci\u00f3n\/Zona Roja Cdmx.<\/p>\n\n\n\n<p>Ciudad de M\u00e9xico, a 10 de abril de 2024.- La Organizaci\u00f3n de las Naciones Unidas para la Educaci\u00f3n, la Ciencia y la Cultura (Unesco) alert\u00f3 hoy sobre las agresiones cada vez m\u00e1s frecuentes que sufren periodistas que cubren temas de medioambiente.<\/p>\n\n\n\n<p>En un comunicado, el ente multilateral llam\u00f3 la atenci\u00f3n acerca de las amenazas imperantes contra estos reporteros especializados y anunci\u00f3 la realizaci\u00f3n en Chile de una conferencia de alto nivel para abordar el desaf\u00edo, en el contexto del D\u00eda Mundial de la Libertad de Prensa, el cual se celebra el 3 de mayo.<\/p>\n\n\n\n<p>\u201cLa investigaci\u00f3n period\u00edstica objetiva y veraz sobre cuestiones medioambientales es m\u00e1s importante que nunca. Sin ella, es imposible reducir y mitigar los efectos de la crisis clim\u00e1tica, pero los periodistas que se dedican a estas tem\u00e1ticas se enfrentan a amenazas graves y cada vez m\u00e1s frecuentes\u201d, advirti\u00f3.<\/p>\n\n\n\n<p>De acuerdo con la Unesco, la conferencia prevista en la capital chilena del 2 al 4 de mayo ser\u00e1 la primera dedicada en el marco de la ONU a los trastornos clim\u00e1ticos y la libertad de prensa.<\/p>\n\n\n\n<p>Las expectativas de cara al foro son analizar las amenazas y estudiar las acciones para apoyar y proteger mejor a los reporteros que trabajan cuestiones medioambientales.<\/p>\n\n\n\n<p>Los participantes tambi\u00e9n debatir\u00e1n c\u00f3mo hacer frente a la desinformaci\u00f3n, el negacionismo y la distorsi\u00f3n de los hechos cient\u00edficos, y considerar\u00e1n la creaci\u00f3n de coaliciones para investigar los poderosos intereses transnacionales que est\u00e1n detr\u00e1s de las campa\u00f1as de desinformaci\u00f3n contra la acci\u00f3n por el clima, abund\u00f3.<\/p>\n\n\n\n<p>Seg\u00fan el adelanto circulado aqu\u00ed, la directora general de la Unesco, Audrey Azoulay, y el presidente de Chile, Gabriel Boric, inaugurar\u00e1n el evento, que reunir\u00e1 a expertos, defensores del medio ambiente y partes interesadas de todas las regiones del mundo, incluyendo a periodistas, activistas, abogados y cient\u00edficos.<\/p>\n\n\n\n<p>(Informaci\u00f3n de agencias internacionales)<\/p>\n","protected":false},"excerpt":{"rendered":"<p>Redacci\u00f3n\/Zona Roja Cdmx. Ciudad de M\u00e9xico, a 10 de abril de 2024.- La Organizaci\u00f3n de&hellip;<\/p>\n","protected":false},"author":2,"featured_media":43114,"comment_status":"closed","ping_status":"open","sticky":false,"template":"","format":"standard","meta":{"_lmt_disableupdate":"","_lmt_disable":"","_jetpack_memberships_contains_paid_content":false,"footnotes":""},"categories":[109,47],"tags":[521],"class_list":["post-67176","post","type-post","status-publish","format-standard","has-post-thumbnail","hentry","category-minuto-a-minuto","category-zona-gris","tag-periodistas"],"jetpack_featured_media_url":"https:\/\/zonaroja.com.mx\/wp-content\/uploads\/2022\/07\/Prensa-asesinato-periodistas-libertad-de-expresion.webp","jetpack_sharing_enabled":true,"_links":{"self":[{"href":"https:\/\/zonaroja.com.mx\/index.php?rest_route=\/wp\/v2\/posts\/67176","targetHints":{"allow":["GET"]}}],"collection":[{"href":"https:\/\/zonaroja.com.mx\/index.php?rest_route=\/wp\/v2\/posts"}],"about":[{"href":"https:\/\/zonaroja.com.mx\/index.php?rest_route=\/wp\/v2\/types\/post"}],"author":[{"embeddable":true,"href":"https:\/\/zonaroja.com.mx\/index.php?rest_route=\/wp\/v2\/users\/2"}],"replies":[{"embeddable":true,"href":"https:\/\/zonaroja.com.mx\/index.php?rest_route=%2Fwp%2Fv2%2Fcomments&post=67176"}],"version-history":[{"count":1,"href":"https:\/\/zonaroja.com.mx\/index.php?rest_route=\/wp\/v2\/posts\/67176\/revisions"}],"predecessor-version":[{"id":67177,"href":"https:\/\/zonaroja.com.mx\/index.php?rest_route=\/wp\/v2\/posts\/67176\/revisions\/67177"}],"wp:featuredmedia":[{"embeddable":true,"href":"https:\/\/zonaroja.com.mx\/index.php?rest_route=\/wp\/v2\/media\/43114"}],"wp:attachment":[{"href":"https:\/\/zonaroja.com.mx\/index.php?rest_route=%2Fwp%2Fv2%2Fmedia&parent=67176"}],"wp:term":[{"taxonomy":"category","embeddable":true,"href":"https:\/\/zonaroja.com.mx\/index.php?rest_route=%2Fwp%2Fv2%2Fcategories&post=67176"},{"taxonomy":"post_tag","embeddable":true,"href":"https:\/\/zonaroja.com.mx\/index.php?rest_route=%2Fwp%2Fv2%2Ftags&post=67176"}],"curies":[{"name":"wp","href":"https:\/\/api.w.org\/{rel}","templated":true}]}}