{"id":67183,"date":"2024-04-11T06:26:50","date_gmt":"2024-04-11T11:26:50","guid":{"rendered":"http:\/\/www.zonaroja.com.mx\/?p=67183"},"modified":"2024-04-11T06:26:55","modified_gmt":"2024-04-11T11:26:55","slug":"amlo-traiciono-al-magisterio-no-hubo-cambios-ni-promesas-cumplidas","status":"publish","type":"post","link":"https:\/\/zonaroja.com.mx\/?p=67183","title":{"rendered":"AMLO traicion\u00f3 al magisterio, no hubo cambios ni promesas cumplidas"},"content":{"rendered":"\n<p>Yuridiana Soa\/ Zona Roja.<\/p>\n\n\n\n<p>Oaxaca de Ju\u00e1rez, Oax., 11 de abril de 2024.- Con 37 a\u00f1os de servicio docente, el maestro oaxaque\u00f1o Alberto Ayala Vega asegur\u00f3 que el Presidente Andr\u00e9s Manuel L\u00f3pez Obrador, traicion\u00f3 a los maestros de M\u00e9xico y de Oaxaca a quienes prometi\u00f3 diversos cambios que a menos de un a\u00f1o de terminar su sexenio no se realizaron.<\/p>\n\n\n\n<p>\u201cL\u00f3pez Obrador ha defraudado a todos,&nbsp; a todos los trabajadores de M\u00e9xico, siempre dijo y estuvo en la postura que iba a quitar los dirigentes \u2018charros\u2019, pero a qu\u00e9 dirigente \u2018charro\u2019 ha quitado, no ha quitado a ninguno, al contrario, hoy convive y hace acuerdos con los que tanto da\u00f1o han hecho los trabajadores mexicanos\u201d, asever\u00f3 el maestro adherido a la Coordinadora Nacional de Trabajadores de la Educaci\u00f3n.<\/p>\n\n\n\n<p>En conferencia de prensa con la dirigente estatal del Partido Acci\u00f3n Nacional, Perla Woolrich, el docente &#8211; que form\u00f3 parte de la primera marcha del magisterio oaxaque\u00f1o a la Ciudad de M\u00e9xico en 1984-, asegur\u00f3 que el gobierno federal actual le est\u00e1 quitando los m\u00e1s elementales derechos a los mexicanos para su supervivencia, como son el de la educaci\u00f3n, salud y seguridad.<\/p>\n\n\n\n<p>En caso espec\u00edfico, a los maestros no les devolvi\u00f3 la paz laboral, misma que prometi\u00f3 en campa\u00f1a electoral de 2018 y a la que se sum\u00f3 la Coordinadora Nacional de Trabajadores de la Educaci\u00f3n (CNTE).<\/p>\n\n\n\n<p>\u201cDesafortunadamente durante estos m\u00e1s de cinco a\u00f1os de gobierno federal solamente, el magisterio nacional incluida la coordinadora, &nbsp;ha sufrido grandes desenga\u00f1os\u201d, manifest\u00f3.<\/p>\n\n\n\n<p>Desde el primer a\u00f1o la CNTE inform\u00f3 todas las negativas del presidente, mismas que persisten, pues no hay cambios a la Ley del ISSSTE, no hay cambios en la reforma educativa, no hay reinstalaci\u00f3n unos 650 maestros cesados por la misma reforma educativa y no hay basificaci\u00f3n de 350 mil maestros y personal de apoyo a la educaci\u00f3n en todo el pa\u00eds, precis\u00f3.<\/p>\n\n\n\n<figure class=\"wp-block-embed\"><div class=\"wp-block-embed__wrapper\">\nhttps:\/\/x.com\/ZonaRoja_Oaxaca\/status\/1778154927409205551\n<\/div><\/figure>\n\n\n\n<p>Las condiciones laborales actuales para el magisterio son contradictorias, pues un maestro sin base no se puede jubilar, ni pensionar; otro problema es que los maestros de ingl\u00e9s, del Programa Nacional de&nbsp;Ingl\u00e9s&nbsp;(Proni), que a nivel nacional son m\u00e1s de 450 mil, pero que cada a\u00f1o se dan de baja a unos dos mil o tres mil pese a que ahora el ingl\u00e9s es una de las materias bases o b\u00e1sicas del nivel b\u00e1sico.<\/p>\n\n\n\n<p>Esto, dijo, &nbsp;ahora son contratados como outsourcing a inicio de ciclo escolar y los despiden en diciembre, los recontratan en enero y despu\u00e9s antes de terminar el curso para que no hagan antig\u00fcedad.<\/p>\n\n\n\n<p>L\u00f3pez Obrador no cumpli\u00f3 con eliminar la unidad de Medida Actualizada para las pensiones de los docentes pese a las diversas peticiones en persona que realiz\u00f3 el magisterio oaxaque\u00f1o.<\/p>\n\n\n\n<p>A la par, en este sexenio se ha perdido por la negligencia de la dirigente nacional del SNTE &nbsp;el escalaf\u00f3n, la doble plaza, la carrera magisterial, la carrera administrativa y actualmente no hay contrato colectivo de trabajo.<\/p>\n\n\n\n<p>Pero s\u00ed se impuso la Unidad del Sistema para la Carrera de las Maestros y Maestros (Usicamm) para la contrataci\u00f3n de nuevos docentes.&nbsp;<\/p>\n","protected":false},"excerpt":{"rendered":"<p>Yuridiana Soa\/ Zona Roja. Oaxaca de Ju\u00e1rez, Oax., 11 de abril de 2024.- Con 37&hellip;<\/p>\n","protected":false},"author":2,"featured_media":67184,"comment_status":"closed","ping_status":"open","sticky":false,"template":"","format":"standard","meta":{"_lmt_disableupdate":"","_lmt_disable":"","_jetpack_memberships_contains_paid_content":false,"footnotes":""},"categories":[109,47],"tags":[3905,143],"class_list":["post-67183","post","type-post","status-publish","format-standard","has-post-thumbnail","hentry","category-minuto-a-minuto","category-zona-gris","tag-alberto-ayala-vega","tag-andres-manuel-lopez-obrador"],"jetpack_featured_media_url":"https:\/\/zonaroja.com.mx\/wp-content\/uploads\/2024\/04\/Conferencia-PAN-Alberto-Ayala.jpg","jetpack_sharing_enabled":true,"_links":{"self":[{"href":"https:\/\/zonaroja.com.mx\/index.php?rest_route=\/wp\/v2\/posts\/67183","targetHints":{"allow":["GET"]}}],"collection":[{"href":"https:\/\/zonaroja.com.mx\/index.php?rest_route=\/wp\/v2\/posts"}],"about":[{"href":"https:\/\/zonaroja.com.mx\/index.php?rest_route=\/wp\/v2\/types\/post"}],"author":[{"embeddable":true,"href":"https:\/\/zonaroja.com.mx\/index.php?rest_route=\/wp\/v2\/users\/2"}],"replies":[{"embeddable":true,"href":"https:\/\/zonaroja.com.mx\/index.php?rest_route=%2Fwp%2Fv2%2Fcomments&post=67183"}],"version-history":[{"count":2,"href":"https:\/\/zonaroja.com.mx\/index.php?rest_route=\/wp\/v2\/posts\/67183\/revisions"}],"predecessor-version":[{"id":67193,"href":"https:\/\/zonaroja.com.mx\/index.php?rest_route=\/wp\/v2\/posts\/67183\/revisions\/67193"}],"wp:featuredmedia":[{"embeddable":true,"href":"https:\/\/zonaroja.com.mx\/index.php?rest_route=\/wp\/v2\/media\/67184"}],"wp:attachment":[{"href":"https:\/\/zonaroja.com.mx\/index.php?rest_route=%2Fwp%2Fv2%2Fmedia&parent=67183"}],"wp:term":[{"taxonomy":"category","embeddable":true,"href":"https:\/\/zonaroja.com.mx\/index.php?rest_route=%2Fwp%2Fv2%2Fcategories&post=67183"},{"taxonomy":"post_tag","embeddable":true,"href":"https:\/\/zonaroja.com.mx\/index.php?rest_route=%2Fwp%2Fv2%2Ftags&post=67183"}],"curies":[{"name":"wp","href":"https:\/\/api.w.org\/{rel}","templated":true}]}}