{"id":67186,"date":"2024-04-10T18:48:12","date_gmt":"2024-04-10T23:48:12","guid":{"rendered":"http:\/\/www.zonaroja.com.mx\/?p=67186"},"modified":"2024-04-10T18:48:13","modified_gmt":"2024-04-10T23:48:13","slug":"se-pliegan-organizaciones-sociales-al-gobierno-y-optan-por-no-protestar","status":"publish","type":"post","link":"https:\/\/zonaroja.com.mx\/?p=67186","title":{"rendered":"Se pliegan organizaciones sociales al gobierno y optan por no protestar"},"content":{"rendered":"\n<p>Yuridiana Sosa\/Zona Roja.<\/p>\n\n\n\n<p>Oaxaca de Ju\u00e1rez, Oax., 10 de abril de 2024.- Anta\u00f1o era la fecha en que Oaxaca estaba sitiada pr\u00e1cticamente, por m\u00faltiples manifestaciones de seguidores del zapatismo.<\/p>\n\n\n\n<p>Pero hoy, luego de llamadas de atenci\u00f3n por parte de la Secretar\u00eda de Gobierno, organizaciones sociales suspendieron movilizaciones masivas en Oaxaca, programadas para este mi\u00e9rcoles por la conmemoraci\u00f3n del aniversario luctuoso de Emiliano Zapata.<\/p>\n\n\n\n<p>Luego de anunciar previamente una intensa jornada de protestas, el Movimiento de Unificaci\u00f3n y Lucha Triqui (MULT) cancel\u00f3 sus actividades tras una reuni\u00f3n con funcionarios estatales la tarde del martes.<\/p>\n\n\n\n<p>Por medio de un comunicado, y en conferencia de prensa, el MULT reconoci\u00f3 el encuentro con la autoridad estatal, en la cual acordaron \u201cuna serie de salidas y acciones inmediatas\u201d en torno a sus demandas de justicia y castigo a los responsables de la violencia en la regi\u00f3n triqui.<\/p>\n\n\n\n<p>Entre los puntos contemplados en su protesta en la capital y zona conurbada se encontraba el crucero Viguera, Ciudad Administrativa en Tlalixtac de Cabrera y Ciudad Judicial en San Bartolo Coyotepec y Palacio de Gobierno.<\/p>\n\n\n\n<p>Mientras que el &nbsp;Consejo Ind\u00edgena Popular de Oaxaca \u201cRicardo Flores Mag\u00f3n\u201d (CIPO-RFM) se desplaz\u00f3 a varias dependencias, sin causar mayores afectaciones.&nbsp;<\/p>\n\n\n\n<p>De forma breve, durante su concentraci\u00f3n, cerraron el paso en la calle de Derechos Humanos y posteriormente se manifestaron en oficinas de la Conafor en la colonia Reforma.<\/p>\n\n\n\n<p>MAGISTERIO DESAPERCIBIDO<\/p>\n\n\n\n<p>En tanto que la Secci\u00f3n 22 del SNTE realiz\u00f3 un desapercibido homenaje luctuoso a Emiliano Zapata, en el monumento que se ubica en el bulevar Eduardo Vasconcelos en la capital del estado, donde por breve lapso de tiempo se cerr\u00f3 la circulaci\u00f3n.<\/p>\n\n\n\n<p>EN EL ISTMO<\/p>\n\n\n\n<p>Desde temprana hora, habitantes de Santiago Yaveo instalaron un bloqueo sobre la carretera federal 147, tramo Mar\u00eda Lombardo-Tuxtepec, para exigir a la Secretar\u00eda de Gobierno respeto a su autonom\u00eda y reconozca a su autoridad local.<\/p>\n\n\n\n<p>Mientras que habitantes de San Juan Mazatl\u00e1n Mixe mantiene bloqueada la carretera Trans\u00edstmica &nbsp;185, tramo Mat\u00edas Romero- Palomares, en el punto conocido como Las Malvinas.<\/p>\n","protected":false},"excerpt":{"rendered":"<p>Yuridiana Sosa\/Zona Roja. Oaxaca de Ju\u00e1rez, Oax., 10 de abril de 2024.- Anta\u00f1o era la&hellip;<\/p>\n","protected":false},"author":2,"featured_media":67187,"comment_status":"closed","ping_status":"open","sticky":false,"template":"","format":"standard","meta":{"_lmt_disableupdate":"","_lmt_disable":"","_jetpack_memberships_contains_paid_content":false,"footnotes":""},"categories":[109,47],"tags":[2496],"class_list":["post-67186","post","type-post","status-publish","format-standard","has-post-thumbnail","hentry","category-minuto-a-minuto","category-zona-gris","tag-marchas-y-bloqueos-oaxaca"],"jetpack_featured_media_url":"https:\/\/zonaroja.com.mx\/wp-content\/uploads\/2024\/04\/Organizaciones-sociales-10-de-abril-Zapata.jpg","jetpack_sharing_enabled":true,"_links":{"self":[{"href":"https:\/\/zonaroja.com.mx\/index.php?rest_route=\/wp\/v2\/posts\/67186","targetHints":{"allow":["GET"]}}],"collection":[{"href":"https:\/\/zonaroja.com.mx\/index.php?rest_route=\/wp\/v2\/posts"}],"about":[{"href":"https:\/\/zonaroja.com.mx\/index.php?rest_route=\/wp\/v2\/types\/post"}],"author":[{"embeddable":true,"href":"https:\/\/zonaroja.com.mx\/index.php?rest_route=\/wp\/v2\/users\/2"}],"replies":[{"embeddable":true,"href":"https:\/\/zonaroja.com.mx\/index.php?rest_route=%2Fwp%2Fv2%2Fcomments&post=67186"}],"version-history":[{"count":1,"href":"https:\/\/zonaroja.com.mx\/index.php?rest_route=\/wp\/v2\/posts\/67186\/revisions"}],"predecessor-version":[{"id":67188,"href":"https:\/\/zonaroja.com.mx\/index.php?rest_route=\/wp\/v2\/posts\/67186\/revisions\/67188"}],"wp:featuredmedia":[{"embeddable":true,"href":"https:\/\/zonaroja.com.mx\/index.php?rest_route=\/wp\/v2\/media\/67187"}],"wp:attachment":[{"href":"https:\/\/zonaroja.com.mx\/index.php?rest_route=%2Fwp%2Fv2%2Fmedia&parent=67186"}],"wp:term":[{"taxonomy":"category","embeddable":true,"href":"https:\/\/zonaroja.com.mx\/index.php?rest_route=%2Fwp%2Fv2%2Fcategories&post=67186"},{"taxonomy":"post_tag","embeddable":true,"href":"https:\/\/zonaroja.com.mx\/index.php?rest_route=%2Fwp%2Fv2%2Ftags&post=67186"}],"curies":[{"name":"wp","href":"https:\/\/api.w.org\/{rel}","templated":true}]}}