{"id":67197,"date":"2024-04-11T08:04:11","date_gmt":"2024-04-11T13:04:11","guid":{"rendered":"http:\/\/www.zonaroja.com.mx\/?p=67197"},"modified":"2024-04-11T08:04:12","modified_gmt":"2024-04-11T13:04:12","slug":"desconocen-agencias-a-edil-de-san-juan-mazatlan-placido-martinez","status":"publish","type":"post","link":"https:\/\/zonaroja.com.mx\/?p=67197","title":{"rendered":"Desconocen agencias a edil de San Juan Mazatl\u00e1n, Pl\u00e1cido Mart\u00ednez"},"content":{"rendered":"\n<p>Raymundo Morales\/Zona Roja.<\/p>\n\n\n\n<p>Oaxaca de Ju\u00e1rez, Oax., a 11 de abril de 2024.- Los agentes municipales de la Mixtequita y Santiago Malacatepec desconocieron a Pl\u00e1cido Mart\u00ednez Soler como presidente municipal electo de San Juan Mazatl\u00e1n Mixe.<\/p>\n\n\n\n<p>A trav\u00e9s de diversos videos, dieron a conocer su inconformidad en contra de quien por la fuerza pretende asumir el cargo en dicha comunidad ubicada en la zona del Bajo Mixe del estado de Oaxaca.<\/p>\n\n\n\n<p>\u201cEl pueblo desconoce a Pl\u00e1cido Mart\u00ednez por haber falsificado documentos, firmas y sellos de esta comunidad y desconocemos totalmente las acciones de la Sala Xalapa\u201d, asever\u00f3 Pedro Santos, agente de La Mixtequita, en un video.<\/p>\n\n\n\n<p>Acusaron a Mart\u00ednez Soler de haber cometido m\u00faltiples irregularidades durante el proceso realizado en aquella demarcaci\u00f3n para conseguir el triunfo, el cual hoy intenta hacer valer con un bloqueo en el que apenas ha logrado reunir a 20 personas para que lo apoyen.<\/p>\n\n\n\n<p>A trav\u00e9s de las videograbaciones divulgadas en redes sociales, los agentes acusaron adem\u00e1s Mart\u00ednez Soler habr\u00eda incurrido en actos ilegales como compra y coacci\u00f3n del voto, por lo que demandaron que no sea reconocido como presidente municipal.<\/p>\n\n\n\n<p>Asimismo, condenaron el bloqueo carretero que actualmente llevan a cabo un reducido grupo de seguidores, aglutinados en la Alianza por la Unidad de los Pueblos Ind\u00edgenas del Bajo Mixe, quienes impiden el flujo vehicular sobre la carretera federal 147 Tuxtepec-Palomares a la altura del puente Mar\u00eda Lombardo.<\/p>\n","protected":false},"excerpt":{"rendered":"<p>Raymundo Morales\/Zona Roja. Oaxaca de Ju\u00e1rez, Oax., a 11 de abril de 2024.- Los agentes&hellip;<\/p>\n","protected":false},"author":2,"featured_media":67198,"comment_status":"closed","ping_status":"open","sticky":false,"template":"","format":"standard","meta":{"_lmt_disableupdate":"","_lmt_disable":"","_jetpack_memberships_contains_paid_content":false,"footnotes":""},"categories":[109,47],"tags":[3906,933],"class_list":["post-67197","post","type-post","status-publish","format-standard","has-post-thumbnail","hentry","category-minuto-a-minuto","category-zona-gris","tag-placido-martinez-soler","tag-san-juan-mazatlan-mixe"],"jetpack_featured_media_url":"https:\/\/zonaroja.com.mx\/wp-content\/uploads\/2024\/04\/Placido-Martinez-Soler-San-Juan-Mazatlan-Mixe.png","jetpack_sharing_enabled":true,"_links":{"self":[{"href":"https:\/\/zonaroja.com.mx\/index.php?rest_route=\/wp\/v2\/posts\/67197","targetHints":{"allow":["GET"]}}],"collection":[{"href":"https:\/\/zonaroja.com.mx\/index.php?rest_route=\/wp\/v2\/posts"}],"about":[{"href":"https:\/\/zonaroja.com.mx\/index.php?rest_route=\/wp\/v2\/types\/post"}],"author":[{"embeddable":true,"href":"https:\/\/zonaroja.com.mx\/index.php?rest_route=\/wp\/v2\/users\/2"}],"replies":[{"embeddable":true,"href":"https:\/\/zonaroja.com.mx\/index.php?rest_route=%2Fwp%2Fv2%2Fcomments&post=67197"}],"version-history":[{"count":1,"href":"https:\/\/zonaroja.com.mx\/index.php?rest_route=\/wp\/v2\/posts\/67197\/revisions"}],"predecessor-version":[{"id":67199,"href":"https:\/\/zonaroja.com.mx\/index.php?rest_route=\/wp\/v2\/posts\/67197\/revisions\/67199"}],"wp:featuredmedia":[{"embeddable":true,"href":"https:\/\/zonaroja.com.mx\/index.php?rest_route=\/wp\/v2\/media\/67198"}],"wp:attachment":[{"href":"https:\/\/zonaroja.com.mx\/index.php?rest_route=%2Fwp%2Fv2%2Fmedia&parent=67197"}],"wp:term":[{"taxonomy":"category","embeddable":true,"href":"https:\/\/zonaroja.com.mx\/index.php?rest_route=%2Fwp%2Fv2%2Fcategories&post=67197"},{"taxonomy":"post_tag","embeddable":true,"href":"https:\/\/zonaroja.com.mx\/index.php?rest_route=%2Fwp%2Fv2%2Ftags&post=67197"}],"curies":[{"name":"wp","href":"https:\/\/api.w.org\/{rel}","templated":true}]}}