{"id":6720,"date":"2019-12-16T17:00:57","date_gmt":"2019-12-16T23:00:57","guid":{"rendered":"http:\/\/www.zonaroja.com.mx\/?p=6720"},"modified":"2019-12-16T17:12:40","modified_gmt":"2019-12-16T23:12:40","slug":"impunidad-tambien-es-violencia-contra-las-mujeres-horacio-sosa","status":"publish","type":"post","link":"https:\/\/zonaroja.com.mx\/?p=6720","title":{"rendered":"Impunidad tambi\u00e9n es violencia contra las mujeres: Horacio Sosa"},"content":{"rendered":"\n<p>Ismael Garc\u00eda M.<\/p>\n\n\n\n<p>San Raymundo Jalpan, Oax., 16 de\ndiciembre de 2019.- En el marco del conversatorio \u201cUniversidades por la\nerradicaci\u00f3n de la violencia de g\u00e9nero\u201d, el presidente de la Junta de Coordinaci\u00f3n\nPol\u00edtica (Jucopo) de la 64 Legislatura, Horacio Sosa Villavicencio, reproch\u00f3 la\nimpunidad en las agresiones y asesinatos de mujeres.<\/p>\n\n\n\n<p>Cit\u00f3 que de acuerdo con recuentos que\nrealizan organismos de la sociedad civil, durante 2019, en cifras hasta el 30\nde septiembre, suman 105 feminicidios en el estado; asimismo, 370 mujeres\nasesinadas y 674 desaparecidas en lo que va del actual sexenio.<\/p>\n\n\n\n<p>\u201cEsto como las cifras m\u00e1s visibles, que\nen s\u00ed implican la existencia de muchas otras formas de violencia de g\u00e9nero\ncontra las mujeres, de la que forma parte tambi\u00e9n la impunidad en la que\npermanecen todos esos agravios\u201d, manifest\u00f3 en su mensaje de bienvenida.<\/p>\n\n\n\n<p>Ante legisladoras y representantes de diversas instituciones educativas, dijo que el conversatorio obedece a la preocupaci\u00f3n del Congreso del Estado, en su pluralidad, por la posibilidad de coadyuvar a establecer una pol\u00edtica en las universidades e instituciones de educaci\u00f3n superior que aborde la incorporaci\u00f3n de la perspectiva de g\u00e9nero que permita luchar para la erradicaci\u00f3n de la violencia de g\u00e9nero contra las mujeres.<\/p>\n\n\n\n<figure class=\"wp-block-embed-twitter wp-block-embed is-type-rich is-provider-twitter\"><div class=\"wp-block-embed__wrapper\">\n<div class=\"twitter-tweet\"><blockquote class=\"twitter-tweet\" data-lang=\"es\"><p lang=\"es\" dir=\"ltr\">El conversatorio \u201cUniversidades por la erradicaci\u00f3n de la violencia de g\u00e9nero\u201d, fue inaugurado este lunes en la sede del <a href=\"https:\/\/twitter.com\/CongresoOaxLXIV?ref_src=twsrc%5Etfw\">@CongresoOaxLXIV<\/a> por la vicecoordinadora de Morena, <a href=\"https:\/\/twitter.com\/Arce_Loha?ref_src=twsrc%5Etfw\">@Arce_Loha<\/a>, con la presencia del presidente de la Junta de Coordinaci\u00f3n Pol\u00edtica, <a href=\"https:\/\/twitter.com\/HoracioSosaOax?ref_src=twsrc%5Etfw\">@HoracioSosaOax<\/a>. <a href=\"https:\/\/t.co\/HEAQANCi65\">pic.twitter.com\/HEAQANCi65<\/a><\/p>&mdash; Zona Roja Oaxaca (@MexRoja) <a href=\"https:\/\/twitter.com\/MexRoja\/status\/1206687753532006400?ref_src=twsrc%5Etfw\">16 de diciembre de 2019<\/a><\/blockquote><\/div>\n<\/div><\/figure>\n\n\n\n<p>\u201cEs claro que se trata de una tarea\ncompleja, dada la diversidad de factores que intervienen en un espacio con\ntantas variables y tantas aristas como la educaci\u00f3n superior en el estado. <\/p>\n\n\n\n<p>\u201cCada universidad, cada instituci\u00f3n y\ncada escuela tienen su propia cultura y sus caracter\u00edsticas espec\u00edficas, lo que\nconvierte en un reto la posibilidad de transversalizar esta mirada, en la\nb\u00fasqueda de espacios seguros y justicia para que las mujeres est\u00e9n en\nposibilidades de ejercer todos sus derechos\u201d, expuso.<\/p>\n\n\n\n<p>Indic\u00f3 que con ese encuentro, se busca no\ns\u00f3lo observar las posibilidades para la atenci\u00f3n de este problema, sino tambi\u00e9n\nvisualizar mecanismos para la prevenci\u00f3n, e incentivar a las autoridades\neducativas para que asuman como agenda prioritaria la lucha contra la violencia\nde g\u00e9nero, no s\u00f3lo al interior, sino tambi\u00e9n como punta de lanza hacia el resto\nde la sociedad.<\/p>\n\n\n\n<p>Hizo un llamado a pensar en la posibilidad de establecer acuerdos m\u00ednimos para la acci\u00f3n de las instituciones educativas, con el fin de participar en la transformaci\u00f3n de las condiciones que permiten la violencia de g\u00e9nero contra las mujeres.<\/p>\n","protected":false},"excerpt":{"rendered":"<p>Ismael Garc\u00eda M. San Raymundo Jalpan, Oax., 16 de diciembre de 2019.- En el marco&hellip;<\/p>\n","protected":false},"author":2,"featured_media":6721,"comment_status":"closed","ping_status":"open","sticky":false,"template":"","format":"standard","meta":{"_lmt_disableupdate":"","_lmt_disable":"","_jetpack_memberships_contains_paid_content":false,"footnotes":""},"categories":[109,46],"tags":[],"class_list":["post-6720","post","type-post","status-publish","format-standard","has-post-thumbnail","hentry","category-minuto-a-minuto","category-zona-blanca"],"jetpack_featured_media_url":"https:\/\/zonaroja.com.mx\/wp-content\/uploads\/2019\/12\/Horacio-Sosa-conversatorio.jpg","jetpack_sharing_enabled":true,"_links":{"self":[{"href":"https:\/\/zonaroja.com.mx\/index.php?rest_route=\/wp\/v2\/posts\/6720","targetHints":{"allow":["GET"]}}],"collection":[{"href":"https:\/\/zonaroja.com.mx\/index.php?rest_route=\/wp\/v2\/posts"}],"about":[{"href":"https:\/\/zonaroja.com.mx\/index.php?rest_route=\/wp\/v2\/types\/post"}],"author":[{"embeddable":true,"href":"https:\/\/zonaroja.com.mx\/index.php?rest_route=\/wp\/v2\/users\/2"}],"replies":[{"embeddable":true,"href":"https:\/\/zonaroja.com.mx\/index.php?rest_route=%2Fwp%2Fv2%2Fcomments&post=6720"}],"version-history":[{"count":2,"href":"https:\/\/zonaroja.com.mx\/index.php?rest_route=\/wp\/v2\/posts\/6720\/revisions"}],"predecessor-version":[{"id":6723,"href":"https:\/\/zonaroja.com.mx\/index.php?rest_route=\/wp\/v2\/posts\/6720\/revisions\/6723"}],"wp:featuredmedia":[{"embeddable":true,"href":"https:\/\/zonaroja.com.mx\/index.php?rest_route=\/wp\/v2\/media\/6721"}],"wp:attachment":[{"href":"https:\/\/zonaroja.com.mx\/index.php?rest_route=%2Fwp%2Fv2%2Fmedia&parent=6720"}],"wp:term":[{"taxonomy":"category","embeddable":true,"href":"https:\/\/zonaroja.com.mx\/index.php?rest_route=%2Fwp%2Fv2%2Fcategories&post=6720"},{"taxonomy":"post_tag","embeddable":true,"href":"https:\/\/zonaroja.com.mx\/index.php?rest_route=%2Fwp%2Fv2%2Ftags&post=6720"}],"curies":[{"name":"wp","href":"https:\/\/api.w.org\/{rel}","templated":true}]}}