{"id":67203,"date":"2024-04-11T09:22:00","date_gmt":"2024-04-11T14:22:00","guid":{"rendered":"http:\/\/www.zonaroja.com.mx\/?p=67203"},"modified":"2024-04-11T08:52:02","modified_gmt":"2024-04-11T13:52:02","slug":"determina-tribunal-inhabilitacion-para-presidenta-y-funcionaria-del-ieepco","status":"publish","type":"post","link":"https:\/\/zonaroja.com.mx\/?p=67203","title":{"rendered":"Determina Tribunal inhabilitaci\u00f3n para presidenta y funcionaria del IEEPCO"},"content":{"rendered":"\n<p>Redacci\u00f3n\/Zona Roja.<\/p>\n\n\n\n<p>Oaxaca de Ju\u00e1rez, Oax., a 11 de abril de 2024.- Aunque reconoci\u00f3 que Elizabeth S\u00e1nchez Gonz\u00e1lez no obtuvo beneficio econ\u00f3mico, el Tribunal de Justicia Administrativa y Combate a la Corrupci\u00f3n determin\u00f3 inhabilitar a la presidenta del Consejo General del IEEPCO y a la encargada del \u00e1rea administrativa, Noem\u00ed S\u00e1nchez Guti\u00e9rrez.<\/p>\n\n\n\n<p>De acuerdo con el documento que se dio a conocer ayer, \u201cSe acredit\u00f3 la plena responsabilidad de Elizabeth S\u00e1nchez Gonz\u00e1lez, como consejera presidenta, y Noem\u00ed S\u00e1nchez Guti\u00e9rrez, como encargada del Despacho de la Coordinaci\u00f3n Administrativa, ambas del Instituto Estatal Electoral y de Participaci\u00f3n Ciudadana de Oaxaca, en la comisi\u00f3n de la falta administrativa grave de desv\u00edo de recursos p\u00fablicos, de acuerdo a las consideraciones plasmadas en el considerando sexto de esta sentencia\u201d.<\/p>\n\n\n\n<p>Por ello, impuso a ambas personas la sanci\u00f3n administrativa de inhabilitaci\u00f3n temporal por el periodo de un a\u00f1o para desempe\u00f1ar empleos, cargos o comisiones en el servicio p\u00fablico y para participar en adquisiciones,<\/p>\n\n\n\n<p>arrendamientos, servicios y obras p\u00fablicas.<\/p>\n\n\n\n<p>Hasta el momento, la presidenta del Consejo General del IEEPCO no ha emitido una postura.<\/p>\n\n\n\n<p>Sin embargo, a trav\u00e9s de las redes institucionales se difundi\u00f3 que Elizabeth S\u00e1nchez Gonz\u00e1lez, junto con la secretaria Ejecutiva, Iliana Hern\u00e1ndez, presidieron reuniones de trabajo.<\/p>\n\n\n\n<p>Una de ellas con titulares y encargados de despacho de diversas \u00e1reas directivas, t\u00e9cnicas y administrativas, para evaluar el avance en la organizaci\u00f3n de las elecciones 2024.<\/p>\n","protected":false},"excerpt":{"rendered":"<p>Redacci\u00f3n\/Zona Roja. Oaxaca de Ju\u00e1rez, Oax., a 11 de abril de 2024.- Aunque reconoci\u00f3 que&hellip;<\/p>\n","protected":false},"author":2,"featured_media":67206,"comment_status":"closed","ping_status":"open","sticky":false,"template":"","format":"standard","meta":{"_lmt_disableupdate":"","_lmt_disable":"","_jetpack_memberships_contains_paid_content":false,"footnotes":""},"categories":[109,47],"tags":[2924,2932],"class_list":["post-67203","post","type-post","status-publish","format-standard","has-post-thumbnail","hentry","category-minuto-a-minuto","category-zona-gris","tag-elizabeth-sanchez-gonzalez","tag-instituto-estatal-electoral-y-de-participacion-ciudadana-de-oaxaca-ieepco"],"jetpack_featured_media_url":"https:\/\/zonaroja.com.mx\/wp-content\/uploads\/2024\/04\/Sancion-Tribunal-Justicia-Administrativa-IEEPCO.jpg","jetpack_sharing_enabled":true,"_links":{"self":[{"href":"https:\/\/zonaroja.com.mx\/index.php?rest_route=\/wp\/v2\/posts\/67203","targetHints":{"allow":["GET"]}}],"collection":[{"href":"https:\/\/zonaroja.com.mx\/index.php?rest_route=\/wp\/v2\/posts"}],"about":[{"href":"https:\/\/zonaroja.com.mx\/index.php?rest_route=\/wp\/v2\/types\/post"}],"author":[{"embeddable":true,"href":"https:\/\/zonaroja.com.mx\/index.php?rest_route=\/wp\/v2\/users\/2"}],"replies":[{"embeddable":true,"href":"https:\/\/zonaroja.com.mx\/index.php?rest_route=%2Fwp%2Fv2%2Fcomments&post=67203"}],"version-history":[{"count":1,"href":"https:\/\/zonaroja.com.mx\/index.php?rest_route=\/wp\/v2\/posts\/67203\/revisions"}],"predecessor-version":[{"id":67207,"href":"https:\/\/zonaroja.com.mx\/index.php?rest_route=\/wp\/v2\/posts\/67203\/revisions\/67207"}],"wp:featuredmedia":[{"embeddable":true,"href":"https:\/\/zonaroja.com.mx\/index.php?rest_route=\/wp\/v2\/media\/67206"}],"wp:attachment":[{"href":"https:\/\/zonaroja.com.mx\/index.php?rest_route=%2Fwp%2Fv2%2Fmedia&parent=67203"}],"wp:term":[{"taxonomy":"category","embeddable":true,"href":"https:\/\/zonaroja.com.mx\/index.php?rest_route=%2Fwp%2Fv2%2Fcategories&post=67203"},{"taxonomy":"post_tag","embeddable":true,"href":"https:\/\/zonaroja.com.mx\/index.php?rest_route=%2Fwp%2Fv2%2Ftags&post=67203"}],"curies":[{"name":"wp","href":"https:\/\/api.w.org\/{rel}","templated":true}]}}