{"id":67208,"date":"2024-04-11T10:52:00","date_gmt":"2024-04-11T15:52:00","guid":{"rendered":"http:\/\/www.zonaroja.com.mx\/?p=67208"},"modified":"2024-04-11T09:02:11","modified_gmt":"2024-04-11T14:02:11","slug":"revisan-gobierno-de-oaxaca-y-semarnat-acciones-de-medio-ambiente","status":"publish","type":"post","link":"https:\/\/zonaroja.com.mx\/?p=67208","title":{"rendered":"Revisan gobierno de Oaxaca y Semarnat acciones de medio ambiente"},"content":{"rendered":"\n<p>Raymundo Morales\/Zona Roja.<\/p>\n\n\n\n<p>Oaxaca de Ju\u00e1rez, Oax., a 11 de abril de 2024.- Con el prop\u00f3sito de evaluar programas y acciones en materia de protecci\u00f3n al h\u00e1bitat, la secretaria del Medio Ambiente, Mar\u00eda Luisa Albores Gonz\u00e1lez, estuvo ayer en la ciudad de Oaxaca.<\/p>\n\n\n\n<p>Junto con el gobernador Salom\u00f3n Jara Cruz, presidi\u00f3 el encuentro con funcionarios estatales de diversas \u00e1reas, en que se revisaron las tareas que permitan la conservaci\u00f3n de la riqueza natural de la entidad.<\/p>\n\n\n\n<p>SANEAR\u00c1N R\u00cdOS<\/p>\n\n\n\n<p>Por otra parte, en un comunicado el gobierno de Oaxaca dio a conocer la instalaci\u00f3n de la Comisi\u00f3n para el Saneamiento de los R\u00edos \u201cAtoyac\u201d y \u201cSalado\u201d, mediante el cual se unificar\u00e1n esfuerzos de los tres \u00f3rdenes de gobierno para la limpieza de estos afluentes.<\/p>\n\n\n\n<p>El acto se efectu\u00f3 en el patio central de Palacio de Gobierno, ante la presencia de 44 autoridades municipales, as\u00ed como representaciones de instancias federales y estatales.<\/p>\n\n\n\n<p>Detall\u00f3 que mediante este \u00f3rgano se atender\u00e1n las causas de contaminaci\u00f3n y el mejoramiento de la calidad del agua de estos dos importantes afluentes con significado hist\u00f3rico, por medio de acciones de conservaci\u00f3n, restauraci\u00f3n, vigilancia del equilibrio ecol\u00f3gico y protecci\u00f3n al ambiente.<\/p>\n\n\n\n<figure class=\"wp-block-image size-full\"><a href=\"http:\/\/www.zonaroja.com.mx\/wp-content\/uploads\/2024\/04\/GOBERNADOR-Instalan-Comision-para-el-Saneamiento-de-los-Rios-Atoyac-y-Salado-1.jpg\" data-rel=\"penci-gallery-image-content\" ><img decoding=\"async\" width=\"800\" height=\"534\" src=\"http:\/\/www.zonaroja.com.mx\/wp-content\/uploads\/2024\/04\/GOBERNADOR-Instalan-Comision-para-el-Saneamiento-de-los-Rios-Atoyac-y-Salado-1.jpg\" alt=\"\" class=\"wp-image-67204\" srcset=\"https:\/\/zonaroja.com.mx\/wp-content\/uploads\/2024\/04\/GOBERNADOR-Instalan-Comision-para-el-Saneamiento-de-los-Rios-Atoyac-y-Salado-1.jpg 800w, https:\/\/zonaroja.com.mx\/wp-content\/uploads\/2024\/04\/GOBERNADOR-Instalan-Comision-para-el-Saneamiento-de-los-Rios-Atoyac-y-Salado-1-300x200.jpg 300w, https:\/\/zonaroja.com.mx\/wp-content\/uploads\/2024\/04\/GOBERNADOR-Instalan-Comision-para-el-Saneamiento-de-los-Rios-Atoyac-y-Salado-1-768x513.jpg 768w, https:\/\/zonaroja.com.mx\/wp-content\/uploads\/2024\/04\/GOBERNADOR-Instalan-Comision-para-el-Saneamiento-de-los-Rios-Atoyac-y-Salado-1-585x390.jpg 585w, https:\/\/zonaroja.com.mx\/wp-content\/uploads\/2024\/04\/GOBERNADOR-Instalan-Comision-para-el-Saneamiento-de-los-Rios-Atoyac-y-Salado-1-263x175.jpg 263w\" sizes=\"(max-width: 800px) 100vw, 800px\" \/><\/a><\/figure>\n\n\n\n<p>Lo anterior involucrar\u00e1 la participaci\u00f3n de los tres \u00f3rdenes de gobierno y el Congreso del Estado para alinear acciones que generen impactos significativos, que se complementan con la realizaci\u00f3n de campa\u00f1as de educaci\u00f3n ambiental, la operaci\u00f3n de infraestructura y los servicios necesarios para la prevenci\u00f3n, control de la contaminaci\u00f3n y el mejoramiento de la calidad de agua.<\/p>\n\n\n\n<p>Se busca que este mecanismo de coordinaci\u00f3n sirva como un espacio de encuentro que permita el apoyo interinstitucional, la apertura, colaboraci\u00f3n y el fortalecimiento de todos los entes involucrados para la atenci\u00f3n de la problem\u00e1tica socioambiental de los afluentes.<\/p>\n\n\n\n<p>Luego de la instalaci\u00f3n de la Comisi\u00f3n a cargo del Gobernador de Oaxaca, Salom\u00f3n Jara Cruz, se brind\u00f3 un informe de actividades permitidas y no permitidas en los r\u00edos \u201cAtoyac\u201d y \u201cSalado\u201d, se\u00f1aladas en el Art\u00edculo 27 Constitucional y en la Ley de Aguas Nacionales sobre causes y sus zonas federales.<\/p>\n\n\n\n<p>En este sentido se destac\u00f3 que la explotaci\u00f3n, uso o aprovechamiento de ambos r\u00edos y sus recursos asociados, solo podr\u00e1 realizarse mediante concesiones otorgadas por el Ejecutivo Federal y queda prohibido depositar, almacenar o tratar residuos s\u00f3lidos, por mencionar algunas.<\/p>\n\n\n\n<p>Asimismo, se dio seguimiento al Plan Integral para el Saneamiento de los R\u00edos \u201cAtoyac\u201d y \u201cSalado\u201d (PISRAyS) que contribuir\u00e1 a la recuperaci\u00f3n de las condiciones ecol\u00f3gicas de los r\u00edos con la implementaci\u00f3n del Programa de Trabajo Municipal.<\/p>\n","protected":false},"excerpt":{"rendered":"<p>Raymundo Morales\/Zona Roja. Oaxaca de Ju\u00e1rez, Oax., a 11 de abril de 2024.- Con el&hellip;<\/p>\n","protected":false},"author":2,"featured_media":67209,"comment_status":"closed","ping_status":"open","sticky":false,"template":"","format":"standard","meta":{"_lmt_disableupdate":"","_lmt_disable":"","_jetpack_memberships_contains_paid_content":false,"footnotes":""},"categories":[109,46],"tags":[939],"class_list":["post-67208","post","type-post","status-publish","format-standard","has-post-thumbnail","hentry","category-minuto-a-minuto","category-zona-blanca","tag-salomon-jara-cruz"],"jetpack_featured_media_url":"https:\/\/zonaroja.com.mx\/wp-content\/uploads\/2024\/04\/Salomon-Jara-y-secretaria-de-Medio-Ambiente-Luisa-Albores.jpeg","jetpack_sharing_enabled":true,"_links":{"self":[{"href":"https:\/\/zonaroja.com.mx\/index.php?rest_route=\/wp\/v2\/posts\/67208","targetHints":{"allow":["GET"]}}],"collection":[{"href":"https:\/\/zonaroja.com.mx\/index.php?rest_route=\/wp\/v2\/posts"}],"about":[{"href":"https:\/\/zonaroja.com.mx\/index.php?rest_route=\/wp\/v2\/types\/post"}],"author":[{"embeddable":true,"href":"https:\/\/zonaroja.com.mx\/index.php?rest_route=\/wp\/v2\/users\/2"}],"replies":[{"embeddable":true,"href":"https:\/\/zonaroja.com.mx\/index.php?rest_route=%2Fwp%2Fv2%2Fcomments&post=67208"}],"version-history":[{"count":1,"href":"https:\/\/zonaroja.com.mx\/index.php?rest_route=\/wp\/v2\/posts\/67208\/revisions"}],"predecessor-version":[{"id":67210,"href":"https:\/\/zonaroja.com.mx\/index.php?rest_route=\/wp\/v2\/posts\/67208\/revisions\/67210"}],"wp:featuredmedia":[{"embeddable":true,"href":"https:\/\/zonaroja.com.mx\/index.php?rest_route=\/wp\/v2\/media\/67209"}],"wp:attachment":[{"href":"https:\/\/zonaroja.com.mx\/index.php?rest_route=%2Fwp%2Fv2%2Fmedia&parent=67208"}],"wp:term":[{"taxonomy":"category","embeddable":true,"href":"https:\/\/zonaroja.com.mx\/index.php?rest_route=%2Fwp%2Fv2%2Fcategories&post=67208"},{"taxonomy":"post_tag","embeddable":true,"href":"https:\/\/zonaroja.com.mx\/index.php?rest_route=%2Fwp%2Fv2%2Ftags&post=67208"}],"curies":[{"name":"wp","href":"https:\/\/api.w.org\/{rel}","templated":true}]}}