{"id":67216,"date":"2024-04-11T13:30:00","date_gmt":"2024-04-11T18:30:00","guid":{"rendered":"http:\/\/www.zonaroja.com.mx\/?p=67216"},"modified":"2024-04-11T09:31:31","modified_gmt":"2024-04-11T14:31:31","slug":"dice-presidente-de-eu-que-se-lleva-bien-con-lopez-obrador","status":"publish","type":"post","link":"https:\/\/zonaroja.com.mx\/?p=67216","title":{"rendered":"Dice Presidente de EU que se lleva bien con L\u00f3pez Obrador"},"content":{"rendered":"\n<p>Redacci\u00f3n\/Zona Roja Cdmx.<\/p>\n\n\n\n<p>Ciudad de M\u00e9xico, a 11 de abril de 2024.- El presidente de Estados Unidos, Joe Biden, asegur\u00f3 en una entrevista que se lleva bien con el presidente de M\u00e9xico, Andr\u00e9s Manuel L\u00f3pez Obrador, y que \u00e9l es alguien que \u201ccumple su palabra\u201c.<\/p>\n\n\n\n<p>\u201cMe parece una persona directa. Nunca me ha tomado el pelo. Sabe lo que quiere. Cumple su palabra. Eso es todo lo que puedo pedir\u201d, indic\u00f3 a la pregunta de si tiene buena relaci\u00f3n con L\u00f3pez Obrador.<\/p>\n\n\n\n<p>La Administraci\u00f3n de Biden ha mantenido una relaci\u00f3n correcta y de cooperaci\u00f3n con L\u00f3pez Obrador pese a las diferencias y a cr\u00edticas del mandatario mexicano a algunas de las pol\u00edticas estadounidenses en inmigraci\u00f3n o seguridad.<\/p>\n\n\n\n<p>Este martes, por ejemplo, L\u00f3pez Obrador reproch\u00f3 a Estados Unidos y Canad\u00e1 el expresar una \u201cpostura ambigua\u201d tras el asalto del Gobierno de Ecuador a la embajada de M\u00e9xico en Quito el viernes pasado, contraviniendo la Convenci\u00f3n de Viena sobre Relaciones Diplom\u00e1ticas, para apresar al exvicepresidente ecuatoriano Jorge Glas.<\/p>\n\n\n\n<p>L\u00f3pez Obrador, que ha mantenido un trato habitual y correcto con Biden durante el mandato del estadounidense, tambi\u00e9n ha dicho que \u201cno cometer\u00e1 el error\u201d de apoyar al dem\u00f3crata en su reelecci\u00f3n este noviembre o a su rival, el expresidente republicano Donald Trump (2017-2021).<\/p>\n\n\n\n<p>En su entrevista, Biden tambi\u00e9n se refiri\u00f3 a la propuesta de L\u00f3pez Obrador para contener la inmigraci\u00f3n irregular que llega hasta la frontera sur de Estados Unidos y que, seg\u00fan el mexicano, debe incluir una inversi\u00f3n de 20.000 millones de d\u00f3lares y el fin de las sanciones a Venezuela y Cuba.<\/p>\n\n\n\n<p>\u201cAntes de que a Obrador se le ocurriera ese plan, yo ya lo hab\u00eda iniciado hac\u00eda a\u00f1os\u201d, asegur\u00f3.<\/p>\n\n\n\n<p>En opini\u00f3n del mandatario, los migrantes irregulares se dirigen a Estados Unidos porque \u201cno tienen alternativa\u201d.<\/p>\n\n\n\n<p>\u201cLo que hemos hecho y que estaba funcionando hasta que lo cortaron (por la falta de fondos del Congreso) es proveer la capacidad de crear trabajos en los pa\u00edses que abandonan. La gente no se quiere ir de donde es. La gente quiere saber que tiene una oportunidad de ganarse la vida y prefiere hacerlo donde est\u00e1\u201d, se\u00f1al\u00f3 Biden.<\/p>\n\n\n\n<p>En 2021, Biden present\u00f3 un plan migratorio que inclu\u00eda la regularizaci\u00f3n de personas llegadas al pa\u00eds de manera indocumentada de menores, los llamados \u2018dreamers\u2019 (so\u00f1adores), y recog\u00eda propuestas para reforzar la seguridad fronteriza y planes de inversi\u00f3n en Centroam\u00e9rica para afrontar el problema de la inmigraci\u00f3n de ra\u00edz, algo que no logr\u00f3 los apoyos del Congreso.<\/p>\n\n\n\n<p>(Con informaci\u00f3n de EFE, en L\u00f3pez-D\u00f3riga Digital)<\/p>\n","protected":false},"excerpt":{"rendered":"<p>Redacci\u00f3n\/Zona Roja Cdmx. Ciudad de M\u00e9xico, a 11 de abril de 2024.- El presidente de&hellip;<\/p>\n","protected":false},"author":2,"featured_media":62200,"comment_status":"closed","ping_status":"open","sticky":false,"template":"","format":"standard","meta":{"_lmt_disableupdate":"","_lmt_disable":"","_jetpack_memberships_contains_paid_content":false,"footnotes":""},"categories":[109,46],"tags":[143],"class_list":["post-67216","post","type-post","status-publish","format-standard","has-post-thumbnail","hentry","category-minuto-a-minuto","category-zona-blanca","tag-andres-manuel-lopez-obrador"],"jetpack_featured_media_url":"https:\/\/zonaroja.com.mx\/wp-content\/uploads\/2023\/11\/Lopez-Obrador-y-Joe-Biden.jpeg","jetpack_sharing_enabled":true,"_links":{"self":[{"href":"https:\/\/zonaroja.com.mx\/index.php?rest_route=\/wp\/v2\/posts\/67216","targetHints":{"allow":["GET"]}}],"collection":[{"href":"https:\/\/zonaroja.com.mx\/index.php?rest_route=\/wp\/v2\/posts"}],"about":[{"href":"https:\/\/zonaroja.com.mx\/index.php?rest_route=\/wp\/v2\/types\/post"}],"author":[{"embeddable":true,"href":"https:\/\/zonaroja.com.mx\/index.php?rest_route=\/wp\/v2\/users\/2"}],"replies":[{"embeddable":true,"href":"https:\/\/zonaroja.com.mx\/index.php?rest_route=%2Fwp%2Fv2%2Fcomments&post=67216"}],"version-history":[{"count":1,"href":"https:\/\/zonaroja.com.mx\/index.php?rest_route=\/wp\/v2\/posts\/67216\/revisions"}],"predecessor-version":[{"id":67217,"href":"https:\/\/zonaroja.com.mx\/index.php?rest_route=\/wp\/v2\/posts\/67216\/revisions\/67217"}],"wp:featuredmedia":[{"embeddable":true,"href":"https:\/\/zonaroja.com.mx\/index.php?rest_route=\/wp\/v2\/media\/62200"}],"wp:attachment":[{"href":"https:\/\/zonaroja.com.mx\/index.php?rest_route=%2Fwp%2Fv2%2Fmedia&parent=67216"}],"wp:term":[{"taxonomy":"category","embeddable":true,"href":"https:\/\/zonaroja.com.mx\/index.php?rest_route=%2Fwp%2Fv2%2Fcategories&post=67216"},{"taxonomy":"post_tag","embeddable":true,"href":"https:\/\/zonaroja.com.mx\/index.php?rest_route=%2Fwp%2Fv2%2Ftags&post=67216"}],"curies":[{"name":"wp","href":"https:\/\/api.w.org\/{rel}","templated":true}]}}